{"id":1159,"date":"2010-02-04T15:22:21","date_gmt":"2010-02-04T14:22:21","guid":{"rendered":"https:\/\/la-tuile.ch\/arctica-2\/"},"modified":"2022-09-30T11:13:48","modified_gmt":"2022-09-30T09:13:48","slug":"arctica-2","status":"publish","type":"post","link":"https:\/\/la-tuile.ch\/de\/arctica-2\/","title":{"rendered":"Jahresbericht 2009"},"content":{"rendered":"<p>Der Jahresbericht zieht Bilanz \u00fcber die T\u00e4tigkeit. Er berichtet \u00fcber Sorgen und \u00dcberlegungen des Komitees und der Direktion unseres Vereins, schildert die Alltagssituation im Zentrum und in der Wohnung und enth\u00e4lt Statistiken und Budgetzahlen die Finanzen betreffend.<\/p>\n<ul>\n<li> Mehr Infos<\/li>\n<\/ul>\n","protected":false},"excerpt":{"rendered":"<p>Der Jahresbericht zieht Bilanz \u00fcber die T\u00e4tigkeit. Er berichtet \u00fcber Sorgen und \u00dcberlegungen des Komitees und der Direktion unseres Vereins, schildert die Alltagssituation im Zentrum und in der Wohnung und enth\u00e4lt Statistiken und Budgetzahlen die Finanzen betreffend. Mehr Infos<\/p>\n","protected":false},"author":1,"featured_media":0,"comment_status":"closed","ping_status":"closed","sticky":false,"template":"","format":"standard","meta":{"_uag_custom_page_level_css":"","footnotes":""},"categories":[159],"tags":[],"class_list":["post-1159","post","type-post","status-publish","format-standard","hentry","category-aktuel"],"uagb_featured_image_src":{"full":false,"thumbnail":false,"medium":false,"medium_large":false,"large":false,"1536x1536":false,"2048x2048":false,"woocommerce_thumbnail":false,"woocommerce_single":false,"woocommerce_gallery_thumbnail":false},"uagb_author_info":{"display_name":"LA TUILE","author_link":"https:\/\/la-tuile.ch\/de\/author\/s62schuler\/"},"uagb_comment_info":0,"uagb_excerpt":"Der Jahresbericht zieht Bilanz \u00fcber die T\u00e4tigkeit. Er berichtet \u00fcber Sorgen und \u00dcberlegungen des Komitees und der Direktion unseres Vereins, schildert die Alltagssituation im Zentrum und in der Wohnung und enth\u00e4lt Statistiken und Budgetzahlen die Finanzen betreffend. Mehr Infos","_links":{"self":[{"href":"https:\/\/la-tuile.ch\/de\/wp-json\/wp\/v2\/posts\/1159","targetHints":{"allow":["GET"]}}],"collection":[{"href":"https:\/\/la-tuile.ch\/de\/wp-json\/wp\/v2\/posts"}],"about":[{"href":"https:\/\/la-tuile.ch\/de\/wp-json\/wp\/v2\/types\/post"}],"author":[{"embeddable":true,"href":"https:\/\/la-tuile.ch\/de\/wp-json\/wp\/v2\/users\/1"}],"replies":[{"embeddable":true,"href":"https:\/\/la-tuile.ch\/de\/wp-json\/wp\/v2\/comments?post=1159"}],"version-history":[{"count":0,"href":"https:\/\/la-tuile.ch\/de\/wp-json\/wp\/v2\/posts\/1159\/revisions"}],"wp:attachment":[{"href":"https:\/\/la-tuile.ch\/de\/wp-json\/wp\/v2\/media?parent=1159"}],"wp:term":[{"taxonomy":"category","embeddable":true,"href":"https:\/\/la-tuile.ch\/de\/wp-json\/wp\/v2\/categories?post=1159"},{"taxonomy":"post_tag","embeddable":true,"href":"https:\/\/la-tuile.ch\/de\/wp-json\/wp\/v2\/tags?post=1159"}],"curies":[{"name":"wp","href":"https:\/\/api.w.org\/{rel}","templated":true}]}}