{"id":1161,"date":"2010-03-04T17:56:43","date_gmt":"2010-03-04T16:56:43","guid":{"rendered":"https:\/\/la-tuile.ch\/lhistoire-de-la-cigogne-blanche-max-2\/"},"modified":"2022-09-30T11:13:48","modified_gmt":"2022-09-30T09:13:48","slug":"lhistoire-de-la-cigogne-blanche-max-2","status":"publish","type":"post","link":"https:\/\/la-tuile.ch\/de\/lhistoire-de-la-cigogne-blanche-max-2\/","title":{"rendered":"Wenn die Suppe die Herzen w\u00e4rmt"},"content":{"rendered":"<p>Seit dem Verschwinden von Mamma Leone und ihrem &#8222;No\u00ebl des Cloches&#8220;,  fehlte in Freiburg ein f\u00fcr alle Bev\u00f6lkerungsschichten zug\u00e4nglicher  Treffpunkt w\u00e4hrend der Festtagszeit. So ist La Tuile auf die Idee  gekommen, w\u00e4hrend der zwei Wochen vor Weihnachten im (geschm\u00fcckten und  geheizten) Pavillon auf dem Georges-Python-Platz mit einem &#8222;Festival de  Soupes\u201c auf die Strasse zu gehen. W\u00e4hrend der Adventszeit wird hier  jeden Abend eine (Gratis-) Suppe zubereitet und in herzlicher und vor  allem lockerer Atmosph\u00e4re von ehrenamtlichen Helfern serviert.<\/p>\n<p>Diese  Aktion rundet das Angebot vom bestehenden No\u00ebl Solidaire vom 24.  Dezember ab, welches jeweils in den Institutionen des Tremplin, von La  Tuile und des Banc Public stattfindet.<\/p>\n<p>Wie jedes Jahr  findet die Veranstaltung auch heuer im Pavillon auf der Place  Georges-Python statt: Suppen, Tee und Gl\u00fchwein ausgeschenkt. Zahlreiche  K\u00fcnstler werden f\u00fcr die Unterhaltung sorgen.<\/p>\n<p>Hier einige  aufschlussreiche Zahlen:<\/p>\n<ul>\n<li>200 Besucher konnten durchschnittlich  jeden Abend verzeichnet werden, Besucher von 0-91 Jahren<\/li>\n<\/ul>\n<p>Ausgeschenkt  wurden unter anderen:<\/p>\n<ul>\n<li>1&#8217;200 Liter Suppe<\/li>\n<li>500 Liter Gl\u00fchwein<\/li>\n<li>350  Liter Tee, usw&#8230;<\/li>\n<\/ul>\n","protected":false},"excerpt":{"rendered":"<p>Seit dem Verschwinden von Mamma Leone und ihrem &#8222;No\u00ebl des Cloches&#8220;, fehlte in Freiburg ein f\u00fcr alle Bev\u00f6lkerungsschichten zug\u00e4nglicher Treffpunkt w\u00e4hrend der Festtagszeit. So ist La Tuile auf die Idee gekommen, w\u00e4hrend der zwei Wochen vor Weihnachten im (geschm\u00fcckten und geheizten) Pavillon auf dem Georges-Python-Platz mit einem &#8222;Festival de Soupes\u201c auf die Strasse zu gehen. [&#8230;]\n","protected":false},"author":1,"featured_media":0,"comment_status":"closed","ping_status":"closed","sticky":false,"template":"","format":"standard","meta":{"_uag_custom_page_level_css":"","footnotes":""},"categories":[159],"tags":[],"class_list":["post-1161","post","type-post","status-publish","format-standard","hentry","category-aktuel"],"uagb_featured_image_src":{"full":false,"thumbnail":false,"medium":false,"medium_large":false,"large":false,"1536x1536":false,"2048x2048":false,"woocommerce_thumbnail":false,"woocommerce_single":false,"woocommerce_gallery_thumbnail":false},"uagb_author_info":{"display_name":"LA TUILE","author_link":"https:\/\/la-tuile.ch\/de\/author\/s62schuler\/"},"uagb_comment_info":0,"uagb_excerpt":"Seit dem Verschwinden von Mamma Leone und ihrem &#8222;No\u00ebl des Cloches&#8220;, fehlte in Freiburg ein f\u00fcr alle Bev\u00f6lkerungsschichten zug\u00e4nglicher Treffpunkt w\u00e4hrend der Festtagszeit. So ist La Tuile auf die Idee gekommen, w\u00e4hrend der zwei Wochen vor Weihnachten im (geschm\u00fcckten und geheizten) Pavillon auf dem Georges-Python-Platz mit einem &#8222;Festival de Soupes\u201c auf die Strasse zu gehen.&hellip;","_links":{"self":[{"href":"https:\/\/la-tuile.ch\/de\/wp-json\/wp\/v2\/posts\/1161","targetHints":{"allow":["GET"]}}],"collection":[{"href":"https:\/\/la-tuile.ch\/de\/wp-json\/wp\/v2\/posts"}],"about":[{"href":"https:\/\/la-tuile.ch\/de\/wp-json\/wp\/v2\/types\/post"}],"author":[{"embeddable":true,"href":"https:\/\/la-tuile.ch\/de\/wp-json\/wp\/v2\/users\/1"}],"replies":[{"embeddable":true,"href":"https:\/\/la-tuile.ch\/de\/wp-json\/wp\/v2\/comments?post=1161"}],"version-history":[{"count":0,"href":"https:\/\/la-tuile.ch\/de\/wp-json\/wp\/v2\/posts\/1161\/revisions"}],"wp:attachment":[{"href":"https:\/\/la-tuile.ch\/de\/wp-json\/wp\/v2\/media?parent=1161"}],"wp:term":[{"taxonomy":"category","embeddable":true,"href":"https:\/\/la-tuile.ch\/de\/wp-json\/wp\/v2\/categories?post=1161"},{"taxonomy":"post_tag","embeddable":true,"href":"https:\/\/la-tuile.ch\/de\/wp-json\/wp\/v2\/tags?post=1161"}],"curies":[{"name":"wp","href":"https:\/\/api.w.org\/{rel}","templated":true}]}}