{"id":1162,"date":"2010-03-04T18:23:07","date_gmt":"2010-03-04T17:23:07","guid":{"rendered":"https:\/\/la-tuile.ch\/projets-argos-2\/"},"modified":"2022-09-30T11:13:48","modified_gmt":"2022-09-30T09:13:48","slug":"projets-argos-2","status":"publish","type":"post","link":"https:\/\/la-tuile.ch\/de\/projets-argos-2\/","title":{"rendered":"Wir brauchen Ihre Hilfe !"},"content":{"rendered":"<p>Auch wenn La Tuile ein Leistungsmandat mit dem Kanton Freiburg hat, so muss der Verein doch f\u00fcr einen grossen Teil seiner Betriebsmittel selbst aufkommen.<\/p>\n<p>Deswegen sind <strong>alle Spenden, auch Naturalien wie Nahrungsmittel, Kleider, etc. willkommen<\/strong>.<\/p>\n<p>F\u00fcr Spenden, nehmen Sie Kontakt mit uns auf oder benutzen Sie unser Postkonto: CCP 17-5002-7.<\/p>\n<p>Herzlichen Dank.<\/p>\n<p><strong>Mitglied werden<\/strong><\/p>\n<p>Sie haben auch die M\u00f6glichkeit, Ihre Solidarit\u00e4t zum Ausdruck zu bringen, in dem Sie Mitglied werden. Das w\u00fcrde Ihnen erlauben, an der Generalversammlung teilzunehmen und zu den Entscheidungen des Vereins beizutragen. In diesem Fall f\u00fcllen Sie bitte das folgende Formular aus.<\/p>\n<ul>\n<li> Mitglied werden<\/li>\n<\/ul>\n<p><strong>Unterst\u00fctzung<\/strong><\/p>\n<p>Dank der finanziellen Unterst\u00fctzung des Kantons Freiburg, der Loterie Romande\u00a0 sowie zahlreicher privater Spenden kann La Tuile seine Mission gegen die gesellschaftliche Ausgrenzung in Ruhe fortsetzen.<\/p>\n<ul>\n<li>Kanton Freiburg<\/li>\n<li>Loterie Romande<\/li>\n<\/ul>\n","protected":false},"excerpt":{"rendered":"<p>Auch wenn La Tuile ein Leistungsmandat mit dem Kanton Freiburg hat, so muss der Verein doch f\u00fcr einen grossen Teil seiner Betriebsmittel selbst aufkommen. Deswegen sind alle Spenden, auch Naturalien wie Nahrungsmittel, Kleider, etc. willkommen. F\u00fcr Spenden, nehmen Sie Kontakt mit uns auf oder benutzen Sie unser Postkonto: CCP 17-5002-7. Herzlichen Dank. Mitglied werden Sie [&#8230;]\n","protected":false},"author":1,"featured_media":0,"comment_status":"closed","ping_status":"closed","sticky":false,"template":"","format":"standard","meta":{"_uag_custom_page_level_css":"","footnotes":""},"categories":[159],"tags":[],"class_list":["post-1162","post","type-post","status-publish","format-standard","hentry","category-aktuel"],"uagb_featured_image_src":{"full":false,"thumbnail":false,"medium":false,"medium_large":false,"large":false,"1536x1536":false,"2048x2048":false,"woocommerce_thumbnail":false,"woocommerce_single":false,"woocommerce_gallery_thumbnail":false},"uagb_author_info":{"display_name":"LA TUILE","author_link":"https:\/\/la-tuile.ch\/de\/author\/s62schuler\/"},"uagb_comment_info":0,"uagb_excerpt":"Auch wenn La Tuile ein Leistungsmandat mit dem Kanton Freiburg hat, so muss der Verein doch f\u00fcr einen grossen Teil seiner Betriebsmittel selbst aufkommen. Deswegen sind alle Spenden, auch Naturalien wie Nahrungsmittel, Kleider, etc. willkommen. F\u00fcr Spenden, nehmen Sie Kontakt mit uns auf oder benutzen Sie unser Postkonto: CCP 17-5002-7. Herzlichen Dank. Mitglied werden Sie&hellip;","_links":{"self":[{"href":"https:\/\/la-tuile.ch\/de\/wp-json\/wp\/v2\/posts\/1162","targetHints":{"allow":["GET"]}}],"collection":[{"href":"https:\/\/la-tuile.ch\/de\/wp-json\/wp\/v2\/posts"}],"about":[{"href":"https:\/\/la-tuile.ch\/de\/wp-json\/wp\/v2\/types\/post"}],"author":[{"embeddable":true,"href":"https:\/\/la-tuile.ch\/de\/wp-json\/wp\/v2\/users\/1"}],"replies":[{"embeddable":true,"href":"https:\/\/la-tuile.ch\/de\/wp-json\/wp\/v2\/comments?post=1162"}],"version-history":[{"count":0,"href":"https:\/\/la-tuile.ch\/de\/wp-json\/wp\/v2\/posts\/1162\/revisions"}],"wp:attachment":[{"href":"https:\/\/la-tuile.ch\/de\/wp-json\/wp\/v2\/media?parent=1162"}],"wp:term":[{"taxonomy":"category","embeddable":true,"href":"https:\/\/la-tuile.ch\/de\/wp-json\/wp\/v2\/categories?post=1162"},{"taxonomy":"post_tag","embeddable":true,"href":"https:\/\/la-tuile.ch\/de\/wp-json\/wp\/v2\/tags?post=1162"}],"curies":[{"name":"wp","href":"https:\/\/api.w.org\/{rel}","templated":true}]}}