{"id":1165,"date":"2005-12-14T06:00:44","date_gmt":"2005-12-14T05:00:44","guid":{"rendered":"https:\/\/la-tuile.ch\/edition-2005-2\/"},"modified":"2022-09-30T11:13:49","modified_gmt":"2022-09-30T09:13:49","slug":"edition-2005-2","status":"publish","type":"post","link":"https:\/\/la-tuile.ch\/de\/edition-2005-2\/","title":{"rendered":"Das Suppenfest 2005"},"content":{"rendered":"<p>Der komplette Bericht (10 Seiten &#8211; Franz\u00f6sisch) zur Veranstaltung ist auf Bestellung erh\u00e4ltlich.<\/p>\n<ul>\n<li><a href=\"?page_id=1019&#038;lang=de\">Photogalerie<\/a><\/li>\n<li>[download id=&#8220;41&#8243; format=&#8220;1&#8243;] (Franz\u00f6sisch)<\/li>\n<li>[download id=&#8220;62&#8243; format=&#8220;1&#8243;] (Franz\u00f6sisch)<\/li>\n<li>[download id=&#8220;40&#8243; format=&#8220;1&#8243;] (Franz\u00f6sisch)<\/li>\n<li><a title=\"Lien externe\" href=\"http:\/\/www.tsr.ch\/video\/#page=search;vid=6329244;id=590686\" target=\"_blank\" rel=\"noopener\">12:45 &#8211; 2005, 19.12<\/a> (1.50 min) (Franz\u00f6sisch)<\/li>\n<li>[download id=&#8220;35&#8243; format=&#8220;1&#8243;] (Franz\u00f6sisch)<\/li>\n<li>[download id=&#8220;36&#8243; format=&#8220;1&#8243;] (Franz\u00f6sisch)<\/li>\n<li>[download id=&#8220;37&#8243; format=&#8220;1&#8243;] (Franz\u00f6sisch)<\/li>\n<li>[download id=&#8220;39&#8243; format=&#8220;1&#8243;] (Franz\u00f6sisch)<\/li>\n<li>[download id=&#8220;40&#8243; format=&#8220;1&#8243;] (Franz\u00f6sisch)<\/li>\n<li><a title=\"T\u00e9l\u00e9chargement\" href=\"http:\/\/www.la-tuile.ch\/dev\/wp-content\/uploads\/2010\/11\/affiche_soupe05.jpg\" target=\"_blank\" rel=\"noopener\">Affiche<\/a> (JPG) r\u00e9alis\u00e9e par Vincent Marbacher<\/li>\n<li>[download id=&#8220;38&#8243; format=&#8220;1&#8243;]\u00a0 gezeichnet von Fr\u00e9d\u00e9ric Aeby<\/li>\n<\/ul>\n","protected":false},"excerpt":{"rendered":"<p>Der komplette Bericht (10 Seiten &#8211; Franz\u00f6sisch) zur Veranstaltung ist auf Bestellung erh\u00e4ltlich. Photogalerie [download id=&#8220;41&#8243; format=&#8220;1&#8243;] (Franz\u00f6sisch) [download id=&#8220;62&#8243; format=&#8220;1&#8243;] (Franz\u00f6sisch) [download id=&#8220;40&#8243; format=&#8220;1&#8243;] (Franz\u00f6sisch) 12:45 &#8211; 2005, 19.12 (1.50 min) (Franz\u00f6sisch) [download id=&#8220;35&#8243; format=&#8220;1&#8243;] (Franz\u00f6sisch) [download id=&#8220;36&#8243; format=&#8220;1&#8243;] (Franz\u00f6sisch) [download id=&#8220;37&#8243; format=&#8220;1&#8243;] (Franz\u00f6sisch) [download id=&#8220;39&#8243; format=&#8220;1&#8243;] (Franz\u00f6sisch) [download id=&#8220;40&#8243; format=&#8220;1&#8243;] (Franz\u00f6sisch) Affiche (JPG) [&#8230;]\n","protected":false},"author":1,"featured_media":0,"comment_status":"closed","ping_status":"closed","sticky":false,"template":"","format":"standard","meta":{"_uag_custom_page_level_css":"","footnotes":""},"categories":[159],"tags":[],"class_list":["post-1165","post","type-post","status-publish","format-standard","hentry","category-aktuel"],"uagb_featured_image_src":{"full":false,"thumbnail":false,"medium":false,"medium_large":false,"large":false,"1536x1536":false,"2048x2048":false,"woocommerce_thumbnail":false,"woocommerce_single":false,"woocommerce_gallery_thumbnail":false},"uagb_author_info":{"display_name":"LA TUILE","author_link":"https:\/\/la-tuile.ch\/de\/author\/s62schuler\/"},"uagb_comment_info":0,"uagb_excerpt":"Der komplette Bericht (10 Seiten &#8211; Franz\u00f6sisch) zur Veranstaltung ist auf Bestellung erh\u00e4ltlich. Photogalerie [download id=&#8220;41&#8243; format=&#8220;1&#8243;] (Franz\u00f6sisch) [download id=&#8220;62&#8243; format=&#8220;1&#8243;] (Franz\u00f6sisch) [download id=&#8220;40&#8243; format=&#8220;1&#8243;] (Franz\u00f6sisch) 12:45 &#8211; 2005, 19.12 (1.50 min) (Franz\u00f6sisch) [download id=&#8220;35&#8243; format=&#8220;1&#8243;] (Franz\u00f6sisch) [download id=&#8220;36&#8243; format=&#8220;1&#8243;] (Franz\u00f6sisch) [download id=&#8220;37&#8243; format=&#8220;1&#8243;] (Franz\u00f6sisch) [download id=&#8220;39&#8243; format=&#8220;1&#8243;] (Franz\u00f6sisch) [download id=&#8220;40&#8243; format=&#8220;1&#8243;] (Franz\u00f6sisch) Affiche (JPG)&hellip;","_links":{"self":[{"href":"https:\/\/la-tuile.ch\/de\/wp-json\/wp\/v2\/posts\/1165","targetHints":{"allow":["GET"]}}],"collection":[{"href":"https:\/\/la-tuile.ch\/de\/wp-json\/wp\/v2\/posts"}],"about":[{"href":"https:\/\/la-tuile.ch\/de\/wp-json\/wp\/v2\/types\/post"}],"author":[{"embeddable":true,"href":"https:\/\/la-tuile.ch\/de\/wp-json\/wp\/v2\/users\/1"}],"replies":[{"embeddable":true,"href":"https:\/\/la-tuile.ch\/de\/wp-json\/wp\/v2\/comments?post=1165"}],"version-history":[{"count":0,"href":"https:\/\/la-tuile.ch\/de\/wp-json\/wp\/v2\/posts\/1165\/revisions"}],"wp:attachment":[{"href":"https:\/\/la-tuile.ch\/de\/wp-json\/wp\/v2\/media?parent=1165"}],"wp:term":[{"taxonomy":"category","embeddable":true,"href":"https:\/\/la-tuile.ch\/de\/wp-json\/wp\/v2\/categories?post=1165"},{"taxonomy":"post_tag","embeddable":true,"href":"https:\/\/la-tuile.ch\/de\/wp-json\/wp\/v2\/tags?post=1165"}],"curies":[{"name":"wp","href":"https:\/\/api.w.org\/{rel}","templated":true}]}}