{"id":1167,"date":"2007-12-17T06:00:35","date_gmt":"2007-12-17T05:00:35","guid":{"rendered":"https:\/\/la-tuile.ch\/festival-de-soupes-2007-2\/"},"modified":"2022-09-30T11:13:48","modified_gmt":"2022-09-30T09:13:48","slug":"festival-de-soupes-2007-2","status":"publish","type":"post","link":"https:\/\/la-tuile.ch\/de\/festival-de-soupes-2007-2\/","title":{"rendered":"Das Suppenfest 2007"},"content":{"rendered":"<p>Der Preis f\u00fcr Soziales wird im Rahmen des Suppenfestivals am Montag, den 17. 12. 2007 um 17.00 Uhr verliehen.<\/p>\n<ul>\n<li><a href=\"?page_id=1019&amp;lang=de\">Photogalerie<\/a><\/li>\n<li>[download id=&#8220;45&#8243; format=&#8220;1&#8243;] (Franz\u00f6sisch)<\/li>\n<li><a title=\"Externer Link\" href=\"http:\/\/www.fr.ch\/sasoc\/de\/pub\/soziale_aktion\/preis_sozialarbeit.htm\" target=\"_blank\" rel=\"noopener\">Kantonales Sozialamt<\/a><\/li>\n<li>[download id=&#8220;46&#8243; format=&#8220;1&#8243;] (Franz\u00f6sisch)<\/li>\n<li>[download id=&#8220;47&#8243; format=&#8220;1&#8243;] (Franz\u00f6sisch)<\/li>\n<li>[download id=&#8220;48&#8243; format=&#8220;1&#8243;] gezeichnet von Vincent Marbacher<\/li>\n<li>[download id=&#8220;49&#8243; format=&#8220;1&#8243;] gezeichnet von Fran\u00e7ois Aeby<\/li>\n<\/ul>\n","protected":false},"excerpt":{"rendered":"<p>Der Preis f\u00fcr Soziales wird im Rahmen des Suppenfestivals am Montag, den 17. 12. 2007 um 17.00 Uhr verliehen. Photogalerie [download id=&#8220;45&#8243; format=&#8220;1&#8243;] (Franz\u00f6sisch) Kantonales Sozialamt [download id=&#8220;46&#8243; format=&#8220;1&#8243;] (Franz\u00f6sisch) [download id=&#8220;47&#8243; format=&#8220;1&#8243;] (Franz\u00f6sisch) [download id=&#8220;48&#8243; format=&#8220;1&#8243;] gezeichnet von Vincent Marbacher [download id=&#8220;49&#8243; format=&#8220;1&#8243;] gezeichnet von Fran\u00e7ois Aeby<\/p>\n","protected":false},"author":1,"featured_media":0,"comment_status":"closed","ping_status":"closed","sticky":false,"template":"","format":"standard","meta":{"_uag_custom_page_level_css":"","footnotes":""},"categories":[159],"tags":[],"class_list":["post-1167","post","type-post","status-publish","format-standard","hentry","category-aktuel"],"uagb_featured_image_src":{"full":false,"thumbnail":false,"medium":false,"medium_large":false,"large":false,"1536x1536":false,"2048x2048":false,"woocommerce_thumbnail":false,"woocommerce_single":false,"woocommerce_gallery_thumbnail":false},"uagb_author_info":{"display_name":"LA TUILE","author_link":"https:\/\/la-tuile.ch\/de\/author\/s62schuler\/"},"uagb_comment_info":0,"uagb_excerpt":"Der Preis f\u00fcr Soziales wird im Rahmen des Suppenfestivals am Montag, den 17. 12. 2007 um 17.00 Uhr verliehen. Photogalerie [download id=&#8220;45&#8243; format=&#8220;1&#8243;] (Franz\u00f6sisch) Kantonales Sozialamt [download id=&#8220;46&#8243; format=&#8220;1&#8243;] (Franz\u00f6sisch) [download id=&#8220;47&#8243; format=&#8220;1&#8243;] (Franz\u00f6sisch) [download id=&#8220;48&#8243; format=&#8220;1&#8243;] gezeichnet von Vincent Marbacher [download id=&#8220;49&#8243; format=&#8220;1&#8243;] gezeichnet von Fran\u00e7ois Aeby","_links":{"self":[{"href":"https:\/\/la-tuile.ch\/de\/wp-json\/wp\/v2\/posts\/1167","targetHints":{"allow":["GET"]}}],"collection":[{"href":"https:\/\/la-tuile.ch\/de\/wp-json\/wp\/v2\/posts"}],"about":[{"href":"https:\/\/la-tuile.ch\/de\/wp-json\/wp\/v2\/types\/post"}],"author":[{"embeddable":true,"href":"https:\/\/la-tuile.ch\/de\/wp-json\/wp\/v2\/users\/1"}],"replies":[{"embeddable":true,"href":"https:\/\/la-tuile.ch\/de\/wp-json\/wp\/v2\/comments?post=1167"}],"version-history":[{"count":0,"href":"https:\/\/la-tuile.ch\/de\/wp-json\/wp\/v2\/posts\/1167\/revisions"}],"wp:attachment":[{"href":"https:\/\/la-tuile.ch\/de\/wp-json\/wp\/v2\/media?parent=1167"}],"wp:term":[{"taxonomy":"category","embeddable":true,"href":"https:\/\/la-tuile.ch\/de\/wp-json\/wp\/v2\/categories?post=1167"},{"taxonomy":"post_tag","embeddable":true,"href":"https:\/\/la-tuile.ch\/de\/wp-json\/wp\/v2\/tags?post=1167"}],"curies":[{"name":"wp","href":"https:\/\/api.w.org\/{rel}","templated":true}]}}