{"id":1168,"date":"2008-12-14T06:00:35","date_gmt":"2008-12-14T05:00:35","guid":{"rendered":"https:\/\/la-tuile.ch\/festival-de-soupes-2008-2\/"},"modified":"2022-09-30T11:13:48","modified_gmt":"2022-09-30T09:13:48","slug":"festival-de-soupes-2008-2","status":"publish","type":"post","link":"https:\/\/la-tuile.ch\/de\/festival-de-soupes-2008-2\/","title":{"rendered":"Das Suppenfest 2008"},"content":{"rendered":"<p>Wie letztes Jahr findet die Veranstaltung auch heuer im Pavillon auf der Place Georges-Python statt. Ab Freitag, dem 14. Dezember, bis und mit Dienstag dem 25. Dezember, werden jeden Tag zwischen 16 und 22 Uhr Suppe, Tee und Gl\u00fchwein ausgeschenkt. Zahlreiche K\u00fcnstler werden f\u00fcr die Unterhaltung sorgen&#8230;<\/p>\n<ul>\n<li><a href=\"?page_id=1019\">Photogalerie<\/a><\/li>\n<li><a title=\"Lien externe\" href=\"http:\/\/www.tsr.ch\/video\/#program=25;vid=10108893;id=753506\" target=\"_blank\" rel=\"noopener\">12:45 &#8211; 2008, 18.12<\/a> (1.36 min &#8211; Franz\u00f6sisch)<\/li>\n<li>[download id=&#8220;50&#8243; format=&#8220;1&#8243;]<\/li>\n<li>[download id=&#8220;51&#8243; format=&#8220;1&#8243;] (Franz\u00f6sisch)<\/li>\n<li>[download id=&#8220;52&#8243; format=&#8220;1&#8243;] (Franz\u00f6sisch)<\/li>\n<li>[download id=&#8220;53&#8243; format=&#8220;1&#8243;] von Jean Steinauer (Franz\u00f6sisch)<\/li>\n<li>[download id=&#8220;47&#8243; format=&#8220;1&#8243;] (Franz\u00f6sisch)<\/li>\n<li>[download id=&#8220;55&#8243; format=&#8220;1&#8243;] gezeichnet von Vincent Marbacher<\/li>\n<li>[download id=&#8220;56&#8243; format=&#8220;1&#8243;] gezeichnet von Serge Niedegger<\/li>\n<\/ul>\n","protected":false},"excerpt":{"rendered":"<p>Wie letztes Jahr findet die Veranstaltung auch heuer im Pavillon auf der Place Georges-Python statt. Ab Freitag, dem 14. Dezember, bis und mit Dienstag dem 25. Dezember, werden jeden Tag zwischen 16 und 22 Uhr Suppe, Tee und Gl\u00fchwein ausgeschenkt. Zahlreiche K\u00fcnstler werden f\u00fcr die Unterhaltung sorgen&#8230; Photogalerie 12:45 &#8211; 2008, 18.12 (1.36 min &#8211; [&#8230;]\n","protected":false},"author":1,"featured_media":0,"comment_status":"closed","ping_status":"closed","sticky":false,"template":"","format":"standard","meta":{"_uag_custom_page_level_css":"","footnotes":""},"categories":[159],"tags":[],"class_list":["post-1168","post","type-post","status-publish","format-standard","hentry","category-aktuel"],"uagb_featured_image_src":{"full":false,"thumbnail":false,"medium":false,"medium_large":false,"large":false,"1536x1536":false,"2048x2048":false,"woocommerce_thumbnail":false,"woocommerce_single":false,"woocommerce_gallery_thumbnail":false},"uagb_author_info":{"display_name":"LA TUILE","author_link":"https:\/\/la-tuile.ch\/de\/author\/s62schuler\/"},"uagb_comment_info":0,"uagb_excerpt":"Wie letztes Jahr findet die Veranstaltung auch heuer im Pavillon auf der Place Georges-Python statt. Ab Freitag, dem 14. Dezember, bis und mit Dienstag dem 25. Dezember, werden jeden Tag zwischen 16 und 22 Uhr Suppe, Tee und Gl\u00fchwein ausgeschenkt. Zahlreiche K\u00fcnstler werden f\u00fcr die Unterhaltung sorgen&#8230; Photogalerie 12:45 &#8211; 2008, 18.12 (1.36 min &#8211;&hellip;","_links":{"self":[{"href":"https:\/\/la-tuile.ch\/de\/wp-json\/wp\/v2\/posts\/1168","targetHints":{"allow":["GET"]}}],"collection":[{"href":"https:\/\/la-tuile.ch\/de\/wp-json\/wp\/v2\/posts"}],"about":[{"href":"https:\/\/la-tuile.ch\/de\/wp-json\/wp\/v2\/types\/post"}],"author":[{"embeddable":true,"href":"https:\/\/la-tuile.ch\/de\/wp-json\/wp\/v2\/users\/1"}],"replies":[{"embeddable":true,"href":"https:\/\/la-tuile.ch\/de\/wp-json\/wp\/v2\/comments?post=1168"}],"version-history":[{"count":0,"href":"https:\/\/la-tuile.ch\/de\/wp-json\/wp\/v2\/posts\/1168\/revisions"}],"wp:attachment":[{"href":"https:\/\/la-tuile.ch\/de\/wp-json\/wp\/v2\/media?parent=1168"}],"wp:term":[{"taxonomy":"category","embeddable":true,"href":"https:\/\/la-tuile.ch\/de\/wp-json\/wp\/v2\/categories?post=1168"},{"taxonomy":"post_tag","embeddable":true,"href":"https:\/\/la-tuile.ch\/de\/wp-json\/wp\/v2\/tags?post=1168"}],"curies":[{"name":"wp","href":"https:\/\/api.w.org\/{rel}","templated":true}]}}