{"id":1171,"date":"2013-02-07T16:31:54","date_gmt":"2013-02-07T15:31:54","guid":{"rendered":"https:\/\/la-tuile.ch\/visitez-nous-2\/"},"modified":"2022-09-30T11:13:48","modified_gmt":"2022-09-30T09:13:48","slug":"visitez-nous-2","status":"publish","type":"post","link":"https:\/\/la-tuile.ch\/de\/visitez-nous-2\/","title":{"rendered":"Ein Dach f\u00fcr alle !"},"content":{"rendered":"<p>Als Notschlafstelle des Kantons Freiburg steht La Tuile allen Personen, die sich in einer Notsituation befinden, unabh\u00e4ngig von Gr\u00fcnden und ohne Anmeldung offen. Hier findet jeder eine Unterkunft, eine Mahlzeit sowie eventuell ben\u00f6tigte Unterst\u00fctzung f\u00fcr eine oder mehrere N\u00e4chte.<\/p>\n<p>Wie in den Statuten (gedruckte Version auf Wunsch verf\u00fcgbar), hat es sich der Verein La Tuile zur Aufgabe gemacht, beim Fehlen einer Unterkunft schnell zu helfen und die Interessen obdachloser und von Armut betroffener Bev\u00f6lkerungsgruppen zu verteidigen. Um diese Ziele zu erreichen, arbeiten wir eng mit dem Netz sozialer Institutionen des Kantons Freiburg sowie mit den sozialen und politischen Partnern zusammen, die mit der Problematik des Zugangs zu Wohnraum, Unsicherheit, der gesellschaftlichen Ausgrenzung und den Schwierigkeiten im Zusammenhang mit psychischen sowie abh\u00e4ngigkeits-bedingten Krankheiten befasst sind. Unser Anliegen ist es auch, der Verschlechterung von Lebenssituationen pr\u00e4ventiv entgegenzuwirken.<\/p>\n<p>La Tuile hat ein Leistungsmandat des Kantons Freiburg und wird daher von diesem auch finanziell unterst\u00fctzt. Die Betriebskosten m\u00fcssen aber durch eigene Mittel gedeckt werden. Die Loterie Romande z\u00e4hlt zusammen mit zahlreichen Aktiv- und Passiv-Mitgliedern des Vereins zu unseren treuesten Unterst\u00fctzern.<\/p>\n","protected":false},"excerpt":{"rendered":"<p>Als Notschlafstelle des Kantons Freiburg steht La Tuile allen Personen, die sich in einer Notsituation befinden, unabh\u00e4ngig von Gr\u00fcnden und ohne Anmeldung offen. Hier findet jeder eine Unterkunft, eine Mahlzeit sowie eventuell ben\u00f6tigte Unterst\u00fctzung f\u00fcr eine oder mehrere N\u00e4chte. Wie in den Statuten (gedruckte Version auf Wunsch verf\u00fcgbar), hat es sich der Verein La Tuile [&#8230;]\n","protected":false},"author":1,"featured_media":0,"comment_status":"closed","ping_status":"closed","sticky":false,"template":"","format":"standard","meta":{"_uag_custom_page_level_css":"","footnotes":""},"categories":[159],"tags":[],"class_list":["post-1171","post","type-post","status-publish","format-standard","hentry","category-aktuel"],"uagb_featured_image_src":{"full":false,"thumbnail":false,"medium":false,"medium_large":false,"large":false,"1536x1536":false,"2048x2048":false,"woocommerce_thumbnail":false,"woocommerce_single":false,"woocommerce_gallery_thumbnail":false},"uagb_author_info":{"display_name":"LA TUILE","author_link":"https:\/\/la-tuile.ch\/de\/author\/s62schuler\/"},"uagb_comment_info":0,"uagb_excerpt":"Als Notschlafstelle des Kantons Freiburg steht La Tuile allen Personen, die sich in einer Notsituation befinden, unabh\u00e4ngig von Gr\u00fcnden und ohne Anmeldung offen. Hier findet jeder eine Unterkunft, eine Mahlzeit sowie eventuell ben\u00f6tigte Unterst\u00fctzung f\u00fcr eine oder mehrere N\u00e4chte. Wie in den Statuten (gedruckte Version auf Wunsch verf\u00fcgbar), hat es sich der Verein La Tuile&hellip;","_links":{"self":[{"href":"https:\/\/la-tuile.ch\/de\/wp-json\/wp\/v2\/posts\/1171","targetHints":{"allow":["GET"]}}],"collection":[{"href":"https:\/\/la-tuile.ch\/de\/wp-json\/wp\/v2\/posts"}],"about":[{"href":"https:\/\/la-tuile.ch\/de\/wp-json\/wp\/v2\/types\/post"}],"author":[{"embeddable":true,"href":"https:\/\/la-tuile.ch\/de\/wp-json\/wp\/v2\/users\/1"}],"replies":[{"embeddable":true,"href":"https:\/\/la-tuile.ch\/de\/wp-json\/wp\/v2\/comments?post=1171"}],"version-history":[{"count":0,"href":"https:\/\/la-tuile.ch\/de\/wp-json\/wp\/v2\/posts\/1171\/revisions"}],"wp:attachment":[{"href":"https:\/\/la-tuile.ch\/de\/wp-json\/wp\/v2\/media?parent=1171"}],"wp:term":[{"taxonomy":"category","embeddable":true,"href":"https:\/\/la-tuile.ch\/de\/wp-json\/wp\/v2\/categories?post=1171"},{"taxonomy":"post_tag","embeddable":true,"href":"https:\/\/la-tuile.ch\/de\/wp-json\/wp\/v2\/tags?post=1171"}],"curies":[{"name":"wp","href":"https:\/\/api.w.org\/{rel}","templated":true}]}}