{"id":1173,"date":"2010-09-28T08:20:21","date_gmt":"2010-09-28T06:20:21","guid":{"rendered":"https:\/\/la-tuile.ch\/festival-de-soupes-2010-2\/"},"modified":"2022-09-30T11:13:48","modified_gmt":"2022-09-30T09:13:48","slug":"festival-de-soupes-2010-2","status":"publish","type":"post","link":"https:\/\/la-tuile.ch\/de\/festival-de-soupes-2010-2\/","title":{"rendered":"Das Suppenfest 2010"},"content":{"rendered":"<p>Das Suppenfest beginnt am 10.12.2010. Besuchen Sie uns in dieser warmen Atmosph\u00e4re. Jeden Abend wird eine Suppe (kostenlos) zubereitet und Ihnen von Freiwilligen serviert.<\/p>\n<p><strong>L&#8217;\u00e9dition 2010 du Festival de Soupes a v\u00e9cu, vive le Festival de Soupes !!!<\/strong><\/p>\n<ul>\n<li><a href=\"?page_id=1019\">Galerie de photos<\/a><\/li>\n<li><a title=\"Lien externe\" href=\"http:\/\/la-tuile.ch\/festival\/\" target=\"_blank\" rel=\"noopener\">Blog du Festival<\/a><\/li>\n<li><a title=\"Lien externe\" href=\"http:\/\/www.facebook.com\/group.php?gid=157942336405&#038;ref=ts\" target=\"_blank\" rel=\"noopener\">Facebook<\/a><\/li>\n<li>[download id=&#8220;87&#8243; format=&#8220;1&#8243;]<\/li>\n<li>[download id=&#8220;89&#8243; format=&#8220;1&#8243;]<\/li>\n<li>[download id=&#8220;90&#8243; format=&#8220;1&#8243;]<\/li>\n<li>[download id=&#8220;92&#8243; format=&#8220;1&#8243;]<\/li>\n<li>[download id=&#8220;93&#8243; format=&#8220;1&#8243;]<\/li>\n<li>[download id=&#8220;183&#8243; format=&#8220;1&#8243;] r\u00e9alis\u00e9 par Sam &#038; Fred Guillaume<\/li>\n<\/ul>\n<p>16 jours de f\u00eate,\u00a0 250 personnes chaque soir &#8211; (pr\u00e8s de 4000 passages au total) &#8211; 1 chaudron de 80 \u00e0 100 litres chaque soir &#8211; 250 b\u00e9n\u00e9voles &#8211; une quarantaine de partenaires institutionnels ou sponsors &#8211;<\/p>\n<p>des h\u00f4tes de 0 \u00e0 92 ans (pour ceux dont on connait l&#8217;\u00e2ge!) &#8211;<\/p>\n<p>Chaque soir\u00e9e a connu une affluence record.<\/p>\n<p>Le &#8222;Festival de Soupes&#8220; confirme et assied son r\u00f4le dans la soci\u00e9t\u00e9 fribourgeoise. Il est devenu une f\u00eate populaire, une \u00e9tape importante dans le No\u00ebl des Fribourgeois.<\/p>\n<p>Dans cette ambiance l\u00e9g\u00e8re se croisent des personnes que la vie quotidienne n&#8217;aurait pas mis c\u00f4te \u00e0 c\u00f4te.<\/p>\n<p>Les nouveaut\u00e9s de cette \u00e9dition -animation des dimanches apr\u00e8s-midis &#8211; ont \u00e9galement eu un grand succ\u00e8s, leur organisation est garantie pour les \u00e9ditions futures.<\/p>\n<p>Soir\u00e9e du 24 d\u00e9cembre, assur\u00e9e par le cuisinier en chef de &#8222;la Tuile&#8220;, M.Bruno Hauser : le repas de f\u00eate a r\u00e9uni un grand nombre de personnes sous le kiosque \u00e0 musique.<\/p>\n<p>Le P\u00e8re No\u00ebl est pass\u00e9, pour le bonheur des enfants.<\/p>\n<p>Comit\u00e9, \u00e9quipe de la Tuile, et \u00e9quipe des b\u00e9n\u00e9voles vous donnent rendez-vous \u00e0 la 7\u00e8me \u00e9dition !!!!!!!<\/p>\n","protected":false},"excerpt":{"rendered":"<p>Das Suppenfest beginnt am 10.12.2010. Besuchen Sie uns in dieser warmen Atmosph\u00e4re. Jeden Abend wird eine Suppe (kostenlos) zubereitet und Ihnen von Freiwilligen serviert. L&#8217;\u00e9dition 2010 du Festival de Soupes a v\u00e9cu, vive le Festival de Soupes !!! Galerie de photos Blog du Festival Facebook [download id=&#8220;87&#8243; format=&#8220;1&#8243;] [download id=&#8220;89&#8243; format=&#8220;1&#8243;] [download id=&#8220;90&#8243; format=&#8220;1&#8243;] [download [&#8230;]\n","protected":false},"author":1,"featured_media":0,"comment_status":"closed","ping_status":"closed","sticky":false,"template":"","format":"standard","meta":{"_uag_custom_page_level_css":"","footnotes":""},"categories":[159],"tags":[],"class_list":["post-1173","post","type-post","status-publish","format-standard","hentry","category-aktuel"],"uagb_featured_image_src":{"full":false,"thumbnail":false,"medium":false,"medium_large":false,"large":false,"1536x1536":false,"2048x2048":false,"woocommerce_thumbnail":false,"woocommerce_single":false,"woocommerce_gallery_thumbnail":false},"uagb_author_info":{"display_name":"LA TUILE","author_link":"https:\/\/la-tuile.ch\/de\/author\/s62schuler\/"},"uagb_comment_info":0,"uagb_excerpt":"Das Suppenfest beginnt am 10.12.2010. Besuchen Sie uns in dieser warmen Atmosph\u00e4re. Jeden Abend wird eine Suppe (kostenlos) zubereitet und Ihnen von Freiwilligen serviert. L&#8217;\u00e9dition 2010 du Festival de Soupes a v\u00e9cu, vive le Festival de Soupes !!! Galerie de photos Blog du Festival Facebook [download id=&#8220;87&#8243; format=&#8220;1&#8243;] [download id=&#8220;89&#8243; format=&#8220;1&#8243;] [download id=&#8220;90&#8243; format=&#8220;1&#8243;] [download&hellip;","_links":{"self":[{"href":"https:\/\/la-tuile.ch\/de\/wp-json\/wp\/v2\/posts\/1173","targetHints":{"allow":["GET"]}}],"collection":[{"href":"https:\/\/la-tuile.ch\/de\/wp-json\/wp\/v2\/posts"}],"about":[{"href":"https:\/\/la-tuile.ch\/de\/wp-json\/wp\/v2\/types\/post"}],"author":[{"embeddable":true,"href":"https:\/\/la-tuile.ch\/de\/wp-json\/wp\/v2\/users\/1"}],"replies":[{"embeddable":true,"href":"https:\/\/la-tuile.ch\/de\/wp-json\/wp\/v2\/comments?post=1173"}],"version-history":[{"count":0,"href":"https:\/\/la-tuile.ch\/de\/wp-json\/wp\/v2\/posts\/1173\/revisions"}],"wp:attachment":[{"href":"https:\/\/la-tuile.ch\/de\/wp-json\/wp\/v2\/media?parent=1173"}],"wp:term":[{"taxonomy":"category","embeddable":true,"href":"https:\/\/la-tuile.ch\/de\/wp-json\/wp\/v2\/categories?post=1173"},{"taxonomy":"post_tag","embeddable":true,"href":"https:\/\/la-tuile.ch\/de\/wp-json\/wp\/v2\/tags?post=1173"}],"curies":[{"name":"wp","href":"https:\/\/api.w.org\/{rel}","templated":true}]}}