{"id":1174,"date":"2014-12-08T07:31:28","date_gmt":"2014-12-08T06:31:28","guid":{"rendered":"https:\/\/la-tuile.ch\/suppenfestival-2014\/"},"modified":"2022-09-30T11:13:47","modified_gmt":"2022-09-30T09:13:47","slug":"suppenfestival-2014","status":"publish","type":"post","link":"https:\/\/la-tuile.ch\/de\/suppenfestival-2014\/","title":{"rendered":"Suppenfestival 2014"},"content":{"rendered":"[download id=&#8220;210&#8243; format=&#8220;1&#8243;]\u00a0 |\u00a0 [download id=&#8220;211&#8243; format=&#8220;1&#8243;]\n<p>Au fil des \u00e9ditions, le Festival de soupes a acquis une place de choix dans le coeur des fribourgeois(es) gr\u00e2ce \u00e0 l&#8217;engagement des b\u00e9n\u00e9voles \u00e0 son univers unique et \u00e0 une programmation haute en couleur qui r\u00e9unit des artistes confirm\u00e9s d&#8217;ici et d&#8217;ailleurs. Cette formule qui a fait ses preuves suscite l\u2019engouement du public toujours plus nombreux qui souhaite vivre une p\u00e9riode de l&#8217;avent ax\u00e9e sur l&#8217;\u00e9change, le partage et la convivialit\u00e9.<\/p>\n<p>Cette ann\u00e9e le Festival f\u00eate son 10\u00e8me anniversaire, pour la premi\u00e8re fois la manifestation se d\u00e9roulera sur <strong>3 semaines du 5 au 25 d\u00e9cembre (de la Saint Nicolas \u00e0 No\u00ebl)<\/strong><\/p>\n<p><strong>A noter<\/strong><\/p>\n<ul>\n<li>Dimanches 14 et 21.12 Loto avec de nombreux prix<\/li>\n<li>Veill\u00e9e de No\u00ebl le 24.12 &#8211; Grand repas de f\u00eate, animation musicale et surprises pour les enfants<\/li>\n<\/ul>\n<p><strong>Horaires<\/strong><\/p>\n<ul>\n<li>du 05 au 23.12 : 16h-22h<\/li>\n<li>Les 24 et 25.12: 16h-Minuit<\/li>\n<li>La soupe est servie d\u00e8s 18h00<\/li>\n<\/ul>\n<p><strong>Discours officiels lors de la soir\u00e9e inaugurale du Festival de soupe<\/strong><\/p>\n<ul>\n<li>[download id=&#8220;215&#8243; format=&#8220;1&#8243;]<\/li>\n<li>[download id=&#8220;216&#8243; format=&#8220;1&#8243;]<\/li>\n<\/ul>\n<p><strong>L&#8217;\u00e9mission de la RTS &#8222;couleur locale&#8220; a r\u00e9alis\u00e9 un reportage sur le Festival de soupe le 16 d\u00e9cembre 2014<\/strong><\/p>\n<p><iframe loading=\"lazy\" src=\"http:\/\/tp.srgssr.ch\/p\/rts\/embed?urn=urn:rts:video:6391630\" name=\"FR: la solidarit\u00e9 est au rendez-vous avec le festival des soupes\" width=\"624\" height=\"351\" frameborder=\"0\"><\/iframe><\/p>\n[av_hr class=&#8217;default&#8216; height=&#8217;50&#8216; shadow=&#8217;no-shadow&#8216; position=&#8217;center&#8216; custom_border=&#8217;av-border-thin&#8216; custom_width=&#8217;50px&#8216; custom_border_color=&#8220; custom_margin_top=&#8217;30px&#8216; custom_margin_bottom=&#8217;30px&#8216; icon_select=&#8217;yes&#8216; custom_icon_color=&#8220; icon=&#8217;ue808&#8242; font=&#8217;entypo-fontello&#8216; custom_class=&#8220;]\n<p><strong>A l&#8216; occasion du 10\u00e8me anniversaire de la manifestation un ouvrage retrace cette aventure exceptionnelle avec une profusion de t\u00e9moignages et d\u2019images.<\/strong><\/p>\n[av_video src=&#8217;https:\/\/www.youtube.com\/watch?v=Z0BgAjdf5gk&amp;feature=youtu.be&#8216; format=&#8217;16-9&#8242; width=&#8217;16&#8216; height=&#8217;9&#8242; custom_class=&#8220;]\n<p><strong>Articles de presse sur ce sujet<br \/>\n<\/strong><\/p>\n<ul>\n<ul>\n<li>[download id=&#8220;212&#8243; format=&#8220;1&#8243;]<\/li>\n<li>[download id=&#8220;213&#8243; format=&#8220;1&#8243;]<\/li>\n<li>[download id=&#8220;214&#8243; format=&#8220;1&#8243;]<\/li>\n<\/ul>\n<\/ul>\n<p><a href=\"http:\/\/www.la-tuile.ch\/dev\/wp-content\/uploads\/2013\/11\/Visage_Des_Soupes.jpg\"><img loading=\"lazy\" decoding=\"async\" class=\"alignnone size-thumbnail wp-image-3486\" src=\"http:\/\/www.la-tuile.ch\/dev\/wp-content\/uploads\/2013\/11\/Visage_Des_Soupes-260x260.jpg\" alt=\"Visage_Des_Soupes\" width=\"260\" height=\"260\" \/><\/a><\/p>\n<p><strong><a href=\"http:\/\/www.la-tuile.ch\/la-boutique\/\">Commander ici<\/a><\/strong><\/p>\n[av_hr class=&#8217;default&#8216; height=&#8217;50&#8216; shadow=&#8217;no-shadow&#8216; position=&#8217;center&#8216; custom_border=&#8217;av-border-thin&#8216; custom_width=&#8217;50px&#8216; custom_border_color=&#8220; custom_margin_top=&#8217;30px&#8216; custom_margin_bottom=&#8217;30px&#8216; icon_select=&#8217;yes&#8216; custom_icon_color=&#8220; icon=&#8217;ue808&#8242; font=&#8217;entypo-fontello&#8216; custom_class=&#8220;]\n<p><strong>Le Festival de soupes, n&#8217;est pas qu&#8217;un festival gastronomique!<\/strong><\/p>\n","protected":false},"excerpt":{"rendered":"[download id=&#8220;210&#8243; format=&#8220;1&#8243;]\u00a0 |\u00a0 [download id=&#8220;211&#8243; format=&#8220;1&#8243;] Au fil des \u00e9ditions, le Festival de soupes a acquis une place de choix dans le coeur des fribourgeois(es) gr\u00e2ce \u00e0 l&#8217;engagement des b\u00e9n\u00e9voles \u00e0 son univers unique et \u00e0 une programmation haute en couleur qui r\u00e9unit des artistes confirm\u00e9s d&#8217;ici et d&#8217;ailleurs. Cette formule qui a fait [&#8230;]\n","protected":false},"author":1,"featured_media":916,"comment_status":"closed","ping_status":"closed","sticky":false,"template":"","format":"standard","meta":{"_uag_custom_page_level_css":"","footnotes":""},"categories":[159],"tags":[],"class_list":["post-1174","post","type-post","status-publish","format-standard","has-post-thumbnail","hentry","category-aktuel"],"uagb_featured_image_src":{"full":["https:\/\/la-tuile.ch\/wp-content\/uploads\/2021\/12\/AfficheSoupe14.jpg",1546,2169,false],"thumbnail":["https:\/\/la-tuile.ch\/wp-content\/uploads\/2021\/12\/AfficheSoupe14-150x150.jpg",150,150,true],"medium":["https:\/\/la-tuile.ch\/wp-content\/uploads\/2021\/12\/AfficheSoupe14-214x300.jpg",214,300,true],"medium_large":["https:\/\/la-tuile.ch\/wp-content\/uploads\/2021\/12\/AfficheSoupe14-768x1077.jpg",768,1077,true],"large":["https:\/\/la-tuile.ch\/wp-content\/uploads\/2021\/12\/AfficheSoupe14-730x1024.jpg",730,1024,true],"1536x1536":["https:\/\/la-tuile.ch\/wp-content\/uploads\/2021\/12\/AfficheSoupe14-1095x1536.jpg",1095,1536,true],"2048x2048":["https:\/\/la-tuile.ch\/wp-content\/uploads\/2021\/12\/AfficheSoupe14-1460x2048.jpg",1460,2048,true],"woocommerce_thumbnail":["https:\/\/la-tuile.ch\/wp-content\/uploads\/2021\/12\/AfficheSoupe14-300x300.jpg",300,300,true],"woocommerce_single":["https:\/\/la-tuile.ch\/wp-content\/uploads\/2021\/12\/AfficheSoupe14-600x842.jpg",600,842,true],"woocommerce_gallery_thumbnail":["https:\/\/la-tuile.ch\/wp-content\/uploads\/2021\/12\/AfficheSoupe14-100x100.jpg",100,100,true]},"uagb_author_info":{"display_name":"LA TUILE","author_link":"https:\/\/la-tuile.ch\/de\/author\/s62schuler\/"},"uagb_comment_info":0,"uagb_excerpt":"[download id=&#8220;210&#8243; format=&#8220;1&#8243;]\u00a0 |\u00a0 [download id=&#8220;211&#8243; format=&#8220;1&#8243;] Au fil des \u00e9ditions, le Festival de soupes a acquis une place de choix dans le coeur des fribourgeois(es) gr\u00e2ce \u00e0 l&#8217;engagement des b\u00e9n\u00e9voles \u00e0 son univers unique et \u00e0 une programmation haute en couleur qui r\u00e9unit des artistes confirm\u00e9s d&#8217;ici et d&#8217;ailleurs. Cette formule qui a fait&hellip;","_links":{"self":[{"href":"https:\/\/la-tuile.ch\/de\/wp-json\/wp\/v2\/posts\/1174","targetHints":{"allow":["GET"]}}],"collection":[{"href":"https:\/\/la-tuile.ch\/de\/wp-json\/wp\/v2\/posts"}],"about":[{"href":"https:\/\/la-tuile.ch\/de\/wp-json\/wp\/v2\/types\/post"}],"author":[{"embeddable":true,"href":"https:\/\/la-tuile.ch\/de\/wp-json\/wp\/v2\/users\/1"}],"replies":[{"embeddable":true,"href":"https:\/\/la-tuile.ch\/de\/wp-json\/wp\/v2\/comments?post=1174"}],"version-history":[{"count":0,"href":"https:\/\/la-tuile.ch\/de\/wp-json\/wp\/v2\/posts\/1174\/revisions"}],"wp:featuredmedia":[{"embeddable":true,"href":"https:\/\/la-tuile.ch\/de\/wp-json\/wp\/v2\/media\/916"}],"wp:attachment":[{"href":"https:\/\/la-tuile.ch\/de\/wp-json\/wp\/v2\/media?parent=1174"}],"wp:term":[{"taxonomy":"category","embeddable":true,"href":"https:\/\/la-tuile.ch\/de\/wp-json\/wp\/v2\/categories?post=1174"},{"taxonomy":"post_tag","embeddable":true,"href":"https:\/\/la-tuile.ch\/de\/wp-json\/wp\/v2\/tags?post=1174"}],"curies":[{"name":"wp","href":"https:\/\/api.w.org\/{rel}","templated":true}]}}