{"id":1175,"date":"2013-03-06T17:02:28","date_gmt":"2013-03-06T16:02:28","guid":{"rendered":"https:\/\/la-tuile.ch\/la-tuile-in-bulle\/"},"modified":"2022-09-30T11:13:48","modified_gmt":"2022-09-30T09:13:48","slug":"la-tuile-in-bulle","status":"publish","type":"post","link":"https:\/\/la-tuile.ch\/de\/la-tuile-in-bulle\/","title":{"rendered":"La Tuile in Bulle"},"content":{"rendered":"<p><strong>L&#8217;association &#8222;la Passerelle&#8220; cesse ses activit\u00e9s, et vend son immeuble bullois \u00e0 &#8222;la Tuile&#8220; qui p\u00e9rennisera ainsi son offre de logements en Gruy\u00e8re.<\/strong><\/p>\n<p>Active dans l&#8217;accueil et l&#8217;accompagnement des femmes avec ou sans enfants, l&#8217;association gru\u00e9rienne &#8222;<strong>la Passerelle<\/strong>&#8220; cesse ses activit\u00e9s en 2013.\u00a0 L&#8217;Association se r\u00e9jouit de c\u00e9der l&#8217;immeuble pour une activit\u00e9 p\u00e9rennisant les objectifs sociaux de sa fondatrice.<\/p>\n<p>Par l&#8217;acquisition de ce b\u00e2timent, La Tuile veut poursuivre la dynamique initi\u00e9e en 2011, en mettant \u00e0 disposition de la population gru\u00e9rienne 6 \u00e0 8 places en &#8222;logement accompagn\u00e9&#8220;.<\/p>\n<p>La vente de cette maison \u00e0 La Tuile permettra de confirmer la vocation sociale de l&#8217;immeuble initi\u00e9e par La Passerelle depuis 10 ans.<\/p>\n","protected":false},"excerpt":{"rendered":"<p>L&#8217;association &#8222;la Passerelle&#8220; cesse ses activit\u00e9s, et vend son immeuble bullois \u00e0 &#8222;la Tuile&#8220; qui p\u00e9rennisera ainsi son offre de logements en Gruy\u00e8re. Active dans l&#8217;accueil et l&#8217;accompagnement des femmes avec ou sans enfants, l&#8217;association gru\u00e9rienne &#8222;la Passerelle&#8220; cesse ses activit\u00e9s en 2013.\u00a0 L&#8217;Association se r\u00e9jouit de c\u00e9der l&#8217;immeuble pour une activit\u00e9 p\u00e9rennisant les objectifs [&#8230;]\n","protected":false},"author":1,"featured_media":0,"comment_status":"closed","ping_status":"closed","sticky":false,"template":"","format":"standard","meta":{"_uag_custom_page_level_css":"","footnotes":""},"categories":[159],"tags":[],"class_list":["post-1175","post","type-post","status-publish","format-standard","hentry","category-aktuel"],"uagb_featured_image_src":{"full":false,"thumbnail":false,"medium":false,"medium_large":false,"large":false,"1536x1536":false,"2048x2048":false,"woocommerce_thumbnail":false,"woocommerce_single":false,"woocommerce_gallery_thumbnail":false},"uagb_author_info":{"display_name":"LA TUILE","author_link":"https:\/\/la-tuile.ch\/de\/author\/s62schuler\/"},"uagb_comment_info":0,"uagb_excerpt":"L&#8217;association &#8222;la Passerelle&#8220; cesse ses activit\u00e9s, et vend son immeuble bullois \u00e0 &#8222;la Tuile&#8220; qui p\u00e9rennisera ainsi son offre de logements en Gruy\u00e8re. Active dans l&#8217;accueil et l&#8217;accompagnement des femmes avec ou sans enfants, l&#8217;association gru\u00e9rienne &#8222;la Passerelle&#8220; cesse ses activit\u00e9s en 2013.\u00a0 L&#8217;Association se r\u00e9jouit de c\u00e9der l&#8217;immeuble pour une activit\u00e9 p\u00e9rennisant les objectifs&hellip;","_links":{"self":[{"href":"https:\/\/la-tuile.ch\/de\/wp-json\/wp\/v2\/posts\/1175","targetHints":{"allow":["GET"]}}],"collection":[{"href":"https:\/\/la-tuile.ch\/de\/wp-json\/wp\/v2\/posts"}],"about":[{"href":"https:\/\/la-tuile.ch\/de\/wp-json\/wp\/v2\/types\/post"}],"author":[{"embeddable":true,"href":"https:\/\/la-tuile.ch\/de\/wp-json\/wp\/v2\/users\/1"}],"replies":[{"embeddable":true,"href":"https:\/\/la-tuile.ch\/de\/wp-json\/wp\/v2\/comments?post=1175"}],"version-history":[{"count":0,"href":"https:\/\/la-tuile.ch\/de\/wp-json\/wp\/v2\/posts\/1175\/revisions"}],"wp:attachment":[{"href":"https:\/\/la-tuile.ch\/de\/wp-json\/wp\/v2\/media?parent=1175"}],"wp:term":[{"taxonomy":"category","embeddable":true,"href":"https:\/\/la-tuile.ch\/de\/wp-json\/wp\/v2\/categories?post=1175"},{"taxonomy":"post_tag","embeddable":true,"href":"https:\/\/la-tuile.ch\/de\/wp-json\/wp\/v2\/tags?post=1175"}],"curies":[{"name":"wp","href":"https:\/\/api.w.org\/{rel}","templated":true}]}}