{"id":1180,"date":"2011-12-09T06:00:58","date_gmt":"2011-12-09T05:00:58","guid":{"rendered":"https:\/\/la-tuile.ch\/festival-de-soupes-2011-2-2\/"},"modified":"2022-09-30T11:13:48","modified_gmt":"2022-09-30T09:13:48","slug":"festival-de-soupes-2011-2-2","status":"publish","type":"post","link":"https:\/\/la-tuile.ch\/de\/festival-de-soupes-2011-2-2\/","title":{"rendered":"Das Suppenfest 2011"},"content":{"rendered":"<ul>\n<li><a title=\"Galerie photo Festival de soupes 2011\" href=\"http:\/\/www.la-tuile.ch\/dev\/?page_id=1019&amp;album=2&amp;gallery=17\">Galerie de photos<\/a><\/li>\n<li><a title=\"Lien externe\" href=\"http:\/\/www.facebook.com\/group.php?gid=157942336405&amp;ref=ts\" target=\"_blank\" rel=\"noopener\">Facebook<\/a><\/li>\n<li>[download id=&#8220;99&#8243; format=&#8220;1&#8243;]<\/li>\n<li>[download id=&#8220;100&#8243; format=&#8220;1&#8243;]<\/li>\n<li>[download id=&#8220;101&#8243; format=&#8220;1&#8243;]<\/li>\n<li>[download id=&#8220;102&#8243; format=&#8220;1&#8243;]<\/li>\n<li>[download id=&#8220;184&#8243; format=&#8220;1&#8243;] r\u00e9alis\u00e9 par Baptiste Oberson<\/li>\n<\/ul>\n<p><strong>L&#8217;\u00e9dition 2011 du Festival de Soupes d\u00e9butera le 9 d\u00e9cembre 2011<br \/>\n<\/strong><\/p>\n<p>Le &#8222;Festival de Soupes&#8220; confirme et assied son r\u00f4le dans la soci\u00e9t\u00e9 fribourgeoise. Il est devenu une f\u00eate populaire, une \u00e9tape importante dans le No\u00ebl des Fribourgeois.<\/p>\n<p>Le canton de Fribourg a <strong>r\u00e9compens\u00e9<\/strong> Lundi 28 novembre le &#8222;Festival des Soupes&#8220; en lui d\u00e9cernant le <strong>prix sp\u00e9cial du jury<\/strong>. Cette r\u00e9compense a \u00e9t\u00e9 remise lors de la Journ\u00e9e du b\u00e9n\u00e9volat, organis\u00e9e conjointement par le R\u00e9seau b\u00e9n\u00e9volat Netzwek et la Direction de la sant\u00e9 et des affaires sociales.<\/p>\n<p>Par ce prix, l&#8217;\u00e9tat de Fribourg a voulu honorer le travail des b\u00e9n\u00e9voles qui par leur engagement rendent le quotidien de personnes dans le besoin plus facile et aussi plus joyeux.<\/p>\n<p>Dans l &#8218;ambiance l\u00e9g\u00e8re du Festival, on \u00e9vite toute forme de mis\u00e9rabilisme et de charit\u00e9 (le Festival de Soupes n&#8217;a pas vocation d&#8217;\u00eatre une soupe populaire). En l&#8217;espace de deux semaines, le kiosque \u00e0 musique de la place Georges Phyton devient le carrefour des destins crois\u00e9s. En effet dans ce lieu insolite, se rencontrent des personnes que la vie quotidienne n&#8217;aurait pas mis c\u00f4te \u00e0 c\u00f4te.<\/p>\n<p>Au Festival de Soupes, la f\u00eate est au rendez-vous durant les deux semaines qui pr\u00e9c\u00e8dent No\u00ebl. De nombreux b\u00e9n\u00e9voles et artistes viendront se relayer (voir programme), pour animer un temps de l\u2019Avent chaleureux et fond\u00e9 sur la solidarit\u00e9.<\/p>\n<p>Le festival aura lieu cette ann\u00e9e entre le 9 et le 25 d\u00e9cembre.\u00a0 Cette 7\u00e8me \u00e9dition se d\u00e9roulera comme \u00e0 l\u2019accoutum\u00e9e dans un Kiosque \u00e0 Musique -chauff\u00e9 et d\u00e9cor\u00e9-, mis gracieusement \u00e0 disposition par la commune, l\u2019un des principaux partenaires du projet.<\/p>\n<p>Chaque jour d\u00e8s 16h, th\u00e9, caf\u00e9 et vin chaud attendent le passant et, d\u00e8s 18h30, une d\u00e9licieuse soupe concoct\u00e9e par une \u00e9quipe de b\u00e9n\u00e9voles est servie \u00e0 un public nombreux et de toute provenance sociale.<\/p>\n<p>Dates importantes \u00e0 retenir:<\/p>\n<ul>\n<li><strong>Dimanche 11.12.11: Loto<\/strong><\/li>\n<li><strong>Dimanche 18.12.11: Match aux cartes<\/strong><\/li>\n<li><strong>Soir\u00e9e du 24 d\u00e9cembre: repas de f\u00eate pr\u00e9par\u00e9 par le cuisinier en chef de &#8222;la Tuile&#8220;, M. Bruno Hauser.<\/strong><\/li>\n<li><strong>25.12.11 &#8211; Soir\u00e9e raclette&#8230;.<br \/>\n<\/strong><\/li>\n<\/ul>\n<p>Le Comit\u00e9, l&#8217;\u00e9quipe de la Tuile ainsi que tous les b\u00e9n\u00e9voles vous donnent rendez-vous pour cette 7\u00e8me \u00e9dition!<\/p>\n","protected":false},"excerpt":{"rendered":"<p>Galerie de photos Facebook [download id=&#8220;99&#8243; format=&#8220;1&#8243;] [download id=&#8220;100&#8243; format=&#8220;1&#8243;] [download id=&#8220;101&#8243; format=&#8220;1&#8243;] [download id=&#8220;102&#8243; format=&#8220;1&#8243;] [download id=&#8220;184&#8243; format=&#8220;1&#8243;] r\u00e9alis\u00e9 par Baptiste Oberson L&#8217;\u00e9dition 2011 du Festival de Soupes d\u00e9butera le 9 d\u00e9cembre 2011 Le &#8222;Festival de Soupes&#8220; confirme et assied son r\u00f4le dans la soci\u00e9t\u00e9 fribourgeoise. Il est devenu une f\u00eate populaire, une \u00e9tape [&#8230;]\n","protected":false},"author":1,"featured_media":0,"comment_status":"closed","ping_status":"closed","sticky":false,"template":"","format":"standard","meta":{"_uag_custom_page_level_css":"","footnotes":""},"categories":[159],"tags":[],"class_list":["post-1180","post","type-post","status-publish","format-standard","hentry","category-aktuel"],"uagb_featured_image_src":{"full":false,"thumbnail":false,"medium":false,"medium_large":false,"large":false,"1536x1536":false,"2048x2048":false,"woocommerce_thumbnail":false,"woocommerce_single":false,"woocommerce_gallery_thumbnail":false},"uagb_author_info":{"display_name":"LA TUILE","author_link":"https:\/\/la-tuile.ch\/de\/author\/s62schuler\/"},"uagb_comment_info":0,"uagb_excerpt":"Galerie de photos Facebook [download id=&#8220;99&#8243; format=&#8220;1&#8243;] [download id=&#8220;100&#8243; format=&#8220;1&#8243;] [download id=&#8220;101&#8243; format=&#8220;1&#8243;] [download id=&#8220;102&#8243; format=&#8220;1&#8243;] [download id=&#8220;184&#8243; format=&#8220;1&#8243;] r\u00e9alis\u00e9 par Baptiste Oberson L&#8217;\u00e9dition 2011 du Festival de Soupes d\u00e9butera le 9 d\u00e9cembre 2011 Le &#8222;Festival de Soupes&#8220; confirme et assied son r\u00f4le dans la soci\u00e9t\u00e9 fribourgeoise. Il est devenu une f\u00eate populaire, une \u00e9tape&hellip;","_links":{"self":[{"href":"https:\/\/la-tuile.ch\/de\/wp-json\/wp\/v2\/posts\/1180","targetHints":{"allow":["GET"]}}],"collection":[{"href":"https:\/\/la-tuile.ch\/de\/wp-json\/wp\/v2\/posts"}],"about":[{"href":"https:\/\/la-tuile.ch\/de\/wp-json\/wp\/v2\/types\/post"}],"author":[{"embeddable":true,"href":"https:\/\/la-tuile.ch\/de\/wp-json\/wp\/v2\/users\/1"}],"replies":[{"embeddable":true,"href":"https:\/\/la-tuile.ch\/de\/wp-json\/wp\/v2\/comments?post=1180"}],"version-history":[{"count":0,"href":"https:\/\/la-tuile.ch\/de\/wp-json\/wp\/v2\/posts\/1180\/revisions"}],"wp:attachment":[{"href":"https:\/\/la-tuile.ch\/de\/wp-json\/wp\/v2\/media?parent=1180"}],"wp:term":[{"taxonomy":"category","embeddable":true,"href":"https:\/\/la-tuile.ch\/de\/wp-json\/wp\/v2\/categories?post=1180"},{"taxonomy":"post_tag","embeddable":true,"href":"https:\/\/la-tuile.ch\/de\/wp-json\/wp\/v2\/tags?post=1180"}],"curies":[{"name":"wp","href":"https:\/\/api.w.org\/{rel}","templated":true}]}}