{"id":1181,"date":"2012-12-12T06:00:43","date_gmt":"2012-12-12T05:00:43","guid":{"rendered":"https:\/\/la-tuile.ch\/festival-de-soupes-2012-2\/"},"modified":"2022-09-30T11:13:48","modified_gmt":"2022-09-30T09:13:48","slug":"festival-de-soupes-2012-2","status":"publish","type":"post","link":"https:\/\/la-tuile.ch\/de\/festival-de-soupes-2012-2\/","title":{"rendered":"Das Suppenfest 2012"},"content":{"rendered":"<ul>\n<li><a title=\"Galerie photo Festival de soupes 2012\" href=\"http:\/\/www.la-tuile.ch\/dev\/?page_id=1019&#038;album=2&#038;gallery=18\">Galerie de photos<\/a><\/li>\n<li>[download id=&#8220;99&#8243; format=&#8220;1&#8243;]<\/li>\n<li>[download id=&#8220;100&#8243; format=&#8220;1&#8243;]<\/li>\n<li>[download id=&#8220;118&#8243; format=&#8220;1&#8243;]<\/li>\n<li>[download id=&#8220;119&#8243; format=&#8220;1&#8243;]<\/li>\n<li>[download id=&#8220;120&#8243; format=&#8220;1&#8243;]<\/li>\n<li>[download id=&#8220;185&#8243; format=&#8220;1&#8243;] r\u00e9alis\u00e9 par Baptiste Cochard<\/li>\n<\/ul>\n<p><strong>L&#8217;\u00e9dition 2012 du Festival de Soupes s&#8217;est achev\u00e9e le 25 d\u00e9cembre 2012<\/p>\n<p><\/strong><\/p>\n<p>Le &#8222;Festival de Soupes&#8220; n&#8217;est plus \u00e0 pr\u00e9senter. Il est devenu au fil des ans une f\u00eate populaire incontournable, une \u00e9tape importante dans le No\u00ebl des Fribourgeois.<\/p>\n<p>En 2011, le canton de Fribourg a <strong>r\u00e9compens\u00e9<\/strong> le &#8222;Festival des Soupes&#8220; en lui d\u00e9cernant le <strong>prix sp\u00e9cial du jury<\/strong>. Par ce prix, l&#8217;\u00e9tat de Fribourg a voulu honorer le travail des b\u00e9n\u00e9voles qui par leur engagement rendent le quotidien de personnes dans le besoin plus facile et aussi plus joyeux.<\/p>\n<p>Dans l &#8218;ambiance l\u00e9g\u00e8re du Festival, on \u00e9vite toute forme de mis\u00e9rabilisme et de charit\u00e9 (le Festival de Soupes n&#8217;a pas vocation d&#8217;\u00eatre une soupe populaire). En l&#8217;espace de deux semaines, le kiosque \u00e0 musique de la place Georges Phyton devient le carrefour des destins crois\u00e9s. En effet dans ce lieu insolite, se rencontrent des personnes que la vie quotidienne n&#8217;aurait pas mis c\u00f4te \u00e0 c\u00f4te.<\/p>\n<p>Le Comit\u00e9, l&#8217;\u00e9quipe de la Tuile ainsi que tous les b\u00e9n\u00e9voles vous donnent rendez-vous pour 9\u00e8me \u00e9dition!<\/p>\n","protected":false},"excerpt":{"rendered":"<p>Galerie de photos [download id=&#8220;99&#8243; format=&#8220;1&#8243;] [download id=&#8220;100&#8243; format=&#8220;1&#8243;] [download id=&#8220;118&#8243; format=&#8220;1&#8243;] [download id=&#8220;119&#8243; format=&#8220;1&#8243;] [download id=&#8220;120&#8243; format=&#8220;1&#8243;] [download id=&#8220;185&#8243; format=&#8220;1&#8243;] r\u00e9alis\u00e9 par Baptiste Cochard L&#8217;\u00e9dition 2012 du Festival de Soupes s&#8217;est achev\u00e9e le 25 d\u00e9cembre 2012 Le &#8222;Festival de Soupes&#8220; n&#8217;est plus \u00e0 pr\u00e9senter. Il est devenu au fil des ans une f\u00eate populaire [&#8230;]\n","protected":false},"author":1,"featured_media":0,"comment_status":"closed","ping_status":"closed","sticky":false,"template":"","format":"standard","meta":{"_uag_custom_page_level_css":"","footnotes":""},"categories":[159],"tags":[],"class_list":["post-1181","post","type-post","status-publish","format-standard","hentry","category-aktuel"],"uagb_featured_image_src":{"full":false,"thumbnail":false,"medium":false,"medium_large":false,"large":false,"1536x1536":false,"2048x2048":false,"woocommerce_thumbnail":false,"woocommerce_single":false,"woocommerce_gallery_thumbnail":false},"uagb_author_info":{"display_name":"LA TUILE","author_link":"https:\/\/la-tuile.ch\/de\/author\/s62schuler\/"},"uagb_comment_info":0,"uagb_excerpt":"Galerie de photos [download id=&#8220;99&#8243; format=&#8220;1&#8243;] [download id=&#8220;100&#8243; format=&#8220;1&#8243;] [download id=&#8220;118&#8243; format=&#8220;1&#8243;] [download id=&#8220;119&#8243; format=&#8220;1&#8243;] [download id=&#8220;120&#8243; format=&#8220;1&#8243;] [download id=&#8220;185&#8243; format=&#8220;1&#8243;] r\u00e9alis\u00e9 par Baptiste Cochard L&#8217;\u00e9dition 2012 du Festival de Soupes s&#8217;est achev\u00e9e le 25 d\u00e9cembre 2012 Le &#8222;Festival de Soupes&#8220; n&#8217;est plus \u00e0 pr\u00e9senter. Il est devenu au fil des ans une f\u00eate populaire&hellip;","_links":{"self":[{"href":"https:\/\/la-tuile.ch\/de\/wp-json\/wp\/v2\/posts\/1181","targetHints":{"allow":["GET"]}}],"collection":[{"href":"https:\/\/la-tuile.ch\/de\/wp-json\/wp\/v2\/posts"}],"about":[{"href":"https:\/\/la-tuile.ch\/de\/wp-json\/wp\/v2\/types\/post"}],"author":[{"embeddable":true,"href":"https:\/\/la-tuile.ch\/de\/wp-json\/wp\/v2\/users\/1"}],"replies":[{"embeddable":true,"href":"https:\/\/la-tuile.ch\/de\/wp-json\/wp\/v2\/comments?post=1181"}],"version-history":[{"count":0,"href":"https:\/\/la-tuile.ch\/de\/wp-json\/wp\/v2\/posts\/1181\/revisions"}],"wp:attachment":[{"href":"https:\/\/la-tuile.ch\/de\/wp-json\/wp\/v2\/media?parent=1181"}],"wp:term":[{"taxonomy":"category","embeddable":true,"href":"https:\/\/la-tuile.ch\/de\/wp-json\/wp\/v2\/categories?post=1181"},{"taxonomy":"post_tag","embeddable":true,"href":"https:\/\/la-tuile.ch\/de\/wp-json\/wp\/v2\/tags?post=1181"}],"curies":[{"name":"wp","href":"https:\/\/api.w.org\/{rel}","templated":true}]}}