{"id":1183,"date":"2015-02-06T06:01:11","date_gmt":"2015-02-06T05:01:11","guid":{"rendered":"https:\/\/la-tuile.ch\/statistiken-von-la-tuile\/"},"modified":"2022-09-30T11:13:47","modified_gmt":"2022-09-30T09:13:47","slug":"statistiken-von-la-tuile","status":"publish","type":"post","link":"https:\/\/la-tuile.ch\/de\/statistiken-von-la-tuile\/","title":{"rendered":"Statistiken von la Tuile"},"content":{"rendered":"<p><strong>La Population de la Tuile en 2014<\/strong><\/p>\n[download id=&#8220;196&#8243; format=&#8220;1&#8243;]\n[download id=&#8220;197&#8243; format=&#8220;1&#8243;]\n<p><strong><b>La constante augmentation du nombre des nuit\u00e9es et des usagers observ\u00e9e \u00e0 La Tuile depuis 2008, est en phase de stabilisation pour la deuxi\u00e8me ann\u00e9e cons\u00e9cutive.<\/b><br \/>\n<\/strong><\/p>\n<p>En 2014 le nombre total des nuit\u00e9es au centre d\u2019accueil est de <strong>8276<\/strong> ce qui repr\u00e9sente une augmentation de <strong>+1.60%<\/strong> par rapport \u00e0 l\u2019ann\u00e9e 2013 (8146).<\/p>\n<p>Le nombre total des personnes accueillies est en augmentation. En effet, le centre, totalise <strong>510<\/strong> personnes en 2014, alors que <strong>484<\/strong> personnes avaient \u00e9t\u00e9 accueillies en 2013, soit une augmentation de +<strong>5.37%.<\/strong><\/p>\n<p>Vous trouverez une pr\u00e9sentation d\u00e9taill\u00e9e des statistiques 2014 dans les document ci-dessus.<\/p>\n","protected":false},"excerpt":{"rendered":"<p>La Population de la Tuile en 2014 [download id=&#8220;196&#8243; format=&#8220;1&#8243;] [download id=&#8220;197&#8243; format=&#8220;1&#8243;] La constante augmentation du nombre des nuit\u00e9es et des usagers observ\u00e9e \u00e0 La Tuile depuis 2008, est en phase de stabilisation pour la deuxi\u00e8me ann\u00e9e cons\u00e9cutive. En 2014 le nombre total des nuit\u00e9es au centre d\u2019accueil est de 8276 ce qui repr\u00e9sente [&#8230;]\n","protected":false},"author":1,"featured_media":894,"comment_status":"closed","ping_status":"closed","sticky":false,"template":"","format":"standard","meta":{"_uag_custom_page_level_css":"","footnotes":""},"categories":[159],"tags":[],"class_list":["post-1183","post","type-post","status-publish","format-standard","has-post-thumbnail","hentry","category-aktuel"],"uagb_featured_image_src":{"full":["https:\/\/la-tuile.ch\/wp-content\/uploads\/2021\/12\/statistics.jpg",900,600,false],"thumbnail":["https:\/\/la-tuile.ch\/wp-content\/uploads\/2021\/12\/statistics-150x150.jpg",150,150,true],"medium":["https:\/\/la-tuile.ch\/wp-content\/uploads\/2021\/12\/statistics-300x200.jpg",300,200,true],"medium_large":["https:\/\/la-tuile.ch\/wp-content\/uploads\/2021\/12\/statistics-768x512.jpg",768,512,true],"large":["https:\/\/la-tuile.ch\/wp-content\/uploads\/2021\/12\/statistics.jpg",900,600,false],"1536x1536":["https:\/\/la-tuile.ch\/wp-content\/uploads\/2021\/12\/statistics.jpg",900,600,false],"2048x2048":["https:\/\/la-tuile.ch\/wp-content\/uploads\/2021\/12\/statistics.jpg",900,600,false],"woocommerce_thumbnail":["https:\/\/la-tuile.ch\/wp-content\/uploads\/2021\/12\/statistics-300x300.jpg",300,300,true],"woocommerce_single":["https:\/\/la-tuile.ch\/wp-content\/uploads\/2021\/12\/statistics-600x400.jpg",600,400,true],"woocommerce_gallery_thumbnail":["https:\/\/la-tuile.ch\/wp-content\/uploads\/2021\/12\/statistics-100x100.jpg",100,100,true]},"uagb_author_info":{"display_name":"LA TUILE","author_link":"https:\/\/la-tuile.ch\/de\/author\/s62schuler\/"},"uagb_comment_info":0,"uagb_excerpt":"La Population de la Tuile en 2014 [download id=&#8220;196&#8243; format=&#8220;1&#8243;] [download id=&#8220;197&#8243; format=&#8220;1&#8243;] La constante augmentation du nombre des nuit\u00e9es et des usagers observ\u00e9e \u00e0 La Tuile depuis 2008, est en phase de stabilisation pour la deuxi\u00e8me ann\u00e9e cons\u00e9cutive. En 2014 le nombre total des nuit\u00e9es au centre d\u2019accueil est de 8276 ce qui repr\u00e9sente&hellip;","_links":{"self":[{"href":"https:\/\/la-tuile.ch\/de\/wp-json\/wp\/v2\/posts\/1183","targetHints":{"allow":["GET"]}}],"collection":[{"href":"https:\/\/la-tuile.ch\/de\/wp-json\/wp\/v2\/posts"}],"about":[{"href":"https:\/\/la-tuile.ch\/de\/wp-json\/wp\/v2\/types\/post"}],"author":[{"embeddable":true,"href":"https:\/\/la-tuile.ch\/de\/wp-json\/wp\/v2\/users\/1"}],"replies":[{"embeddable":true,"href":"https:\/\/la-tuile.ch\/de\/wp-json\/wp\/v2\/comments?post=1183"}],"version-history":[{"count":0,"href":"https:\/\/la-tuile.ch\/de\/wp-json\/wp\/v2\/posts\/1183\/revisions"}],"wp:featuredmedia":[{"embeddable":true,"href":"https:\/\/la-tuile.ch\/de\/wp-json\/wp\/v2\/media\/894"}],"wp:attachment":[{"href":"https:\/\/la-tuile.ch\/de\/wp-json\/wp\/v2\/media?parent=1183"}],"wp:term":[{"taxonomy":"category","embeddable":true,"href":"https:\/\/la-tuile.ch\/de\/wp-json\/wp\/v2\/categories?post=1183"},{"taxonomy":"post_tag","embeddable":true,"href":"https:\/\/la-tuile.ch\/de\/wp-json\/wp\/v2\/tags?post=1183"}],"curies":[{"name":"wp","href":"https:\/\/api.w.org\/{rel}","templated":true}]}}