{"id":1185,"date":"2014-03-16T17:34:51","date_gmt":"2014-03-16T16:34:51","guid":{"rendered":"https:\/\/la-tuile.ch\/betreutes-wohnen-in-villars-sur-glane\/"},"modified":"2022-09-30T11:13:48","modified_gmt":"2022-09-30T09:13:48","slug":"betreutes-wohnen-in-villars-sur-glane","status":"publish","type":"post","link":"https:\/\/la-tuile.ch\/de\/betreutes-wohnen-in-villars-sur-glane\/","title":{"rendered":"Betreutes Wohnen in Villars-sur-Gl\u00e2ne"},"content":{"rendered":"<p>D\u00e8s novembre 2014, La Tuile, en collaboration avec la Commune de Villars-sur-Gl\u00e2ne, proposera son offre de logements accompagn\u00e9s \u00e0 destination de leurs ressortissants. Nous nous r\u00e9jouissons de ces rapports de confiance qui nous permettront de disposer d&#8217;une unit\u00e9 suppl\u00e9mentaire dans le canton de Fribourg.<\/p>\n<p>L&#8217;offre partira modestement avec 2 places, une \u00e9valuation des besoins et de la collaboration sera faite \u00e0 l&#8217;issue d&#8217;une premi\u00e8re p\u00e9riode.<\/p>\n<p><strong>Communiqu\u00e9 de presse:<\/strong><br \/>\n[download id=&#8220;207&#8243; format=&#8220;1&#8243;]\n","protected":false},"excerpt":{"rendered":"<p>D\u00e8s novembre 2014, La Tuile, en collaboration avec la Commune de Villars-sur-Gl\u00e2ne, proposera son offre de logements accompagn\u00e9s \u00e0 destination de leurs ressortissants. Nous nous r\u00e9jouissons de ces rapports de confiance qui nous permettront de disposer d&#8217;une unit\u00e9 suppl\u00e9mentaire dans le canton de Fribourg. L&#8217;offre partira modestement avec 2 places, une \u00e9valuation des besoins et [&#8230;]\n","protected":false},"author":1,"featured_media":915,"comment_status":"closed","ping_status":"closed","sticky":false,"template":"","format":"standard","meta":{"_uag_custom_page_level_css":"","footnotes":""},"categories":[159],"tags":[],"class_list":["post-1185","post","type-post","status-publish","format-standard","has-post-thumbnail","hentry","category-aktuel"],"uagb_featured_image_src":{"full":["https:\/\/la-tuile.ch\/wp-content\/uploads\/2021\/12\/20_fr_fr2_tuile.jpg",644,416,false],"thumbnail":["https:\/\/la-tuile.ch\/wp-content\/uploads\/2021\/12\/20_fr_fr2_tuile-150x150.jpg",150,150,true],"medium":["https:\/\/la-tuile.ch\/wp-content\/uploads\/2021\/12\/20_fr_fr2_tuile-300x194.jpg",300,194,true],"medium_large":["https:\/\/la-tuile.ch\/wp-content\/uploads\/2021\/12\/20_fr_fr2_tuile.jpg",644,416,false],"large":["https:\/\/la-tuile.ch\/wp-content\/uploads\/2021\/12\/20_fr_fr2_tuile.jpg",644,416,false],"1536x1536":["https:\/\/la-tuile.ch\/wp-content\/uploads\/2021\/12\/20_fr_fr2_tuile.jpg",644,416,false],"2048x2048":["https:\/\/la-tuile.ch\/wp-content\/uploads\/2021\/12\/20_fr_fr2_tuile.jpg",644,416,false],"woocommerce_thumbnail":["https:\/\/la-tuile.ch\/wp-content\/uploads\/2021\/12\/20_fr_fr2_tuile-300x300.jpg",300,300,true],"woocommerce_single":["https:\/\/la-tuile.ch\/wp-content\/uploads\/2021\/12\/20_fr_fr2_tuile-600x388.jpg",600,388,true],"woocommerce_gallery_thumbnail":["https:\/\/la-tuile.ch\/wp-content\/uploads\/2021\/12\/20_fr_fr2_tuile-100x100.jpg",100,100,true]},"uagb_author_info":{"display_name":"LA TUILE","author_link":"https:\/\/la-tuile.ch\/de\/author\/s62schuler\/"},"uagb_comment_info":0,"uagb_excerpt":"D\u00e8s novembre 2014, La Tuile, en collaboration avec la Commune de Villars-sur-Gl\u00e2ne, proposera son offre de logements accompagn\u00e9s \u00e0 destination de leurs ressortissants. Nous nous r\u00e9jouissons de ces rapports de confiance qui nous permettront de disposer d&#8217;une unit\u00e9 suppl\u00e9mentaire dans le canton de Fribourg. L&#8217;offre partira modestement avec 2 places, une \u00e9valuation des besoins et&hellip;","_links":{"self":[{"href":"https:\/\/la-tuile.ch\/de\/wp-json\/wp\/v2\/posts\/1185","targetHints":{"allow":["GET"]}}],"collection":[{"href":"https:\/\/la-tuile.ch\/de\/wp-json\/wp\/v2\/posts"}],"about":[{"href":"https:\/\/la-tuile.ch\/de\/wp-json\/wp\/v2\/types\/post"}],"author":[{"embeddable":true,"href":"https:\/\/la-tuile.ch\/de\/wp-json\/wp\/v2\/users\/1"}],"replies":[{"embeddable":true,"href":"https:\/\/la-tuile.ch\/de\/wp-json\/wp\/v2\/comments?post=1185"}],"version-history":[{"count":0,"href":"https:\/\/la-tuile.ch\/de\/wp-json\/wp\/v2\/posts\/1185\/revisions"}],"wp:featuredmedia":[{"embeddable":true,"href":"https:\/\/la-tuile.ch\/de\/wp-json\/wp\/v2\/media\/915"}],"wp:attachment":[{"href":"https:\/\/la-tuile.ch\/de\/wp-json\/wp\/v2\/media?parent=1185"}],"wp:term":[{"taxonomy":"category","embeddable":true,"href":"https:\/\/la-tuile.ch\/de\/wp-json\/wp\/v2\/categories?post=1185"},{"taxonomy":"post_tag","embeddable":true,"href":"https:\/\/la-tuile.ch\/de\/wp-json\/wp\/v2\/tags?post=1185"}],"curies":[{"name":"wp","href":"https:\/\/api.w.org\/{rel}","templated":true}]}}