{"id":1186,"date":"2014-03-29T09:59:38","date_gmt":"2014-03-29T08:59:38","guid":{"rendered":"https:\/\/la-tuile.ch\/suppen-gesichter\/"},"modified":"2022-09-30T11:13:48","modified_gmt":"2022-09-30T09:13:48","slug":"suppen-gesichter","status":"publish","type":"post","link":"https:\/\/la-tuile.ch\/de\/suppen-gesichter\/","title":{"rendered":"Suppen-Gesichter"},"content":{"rendered":"<p><strong>\u00ab Visages des soupes \u00bb, soupe \u00e0 la grimace ?<\/strong><\/p>\n<p>Non\u00a0! Divine potion magique, savoureuse comme un conte, une histoire qui s\u2019\u00e9crit chaque hiver depuis 10 ans. Cette ann\u00e9e le Festival de soupes f\u00eate son <strong>10<sup>\u00e8me<\/sup> anniversaire<\/strong>. Dans l\u2019espace circulaire du kiosque \u00e0 musique, sp\u00e9cialement chauff\u00e9 et am\u00e9nag\u00e9 pour l\u2019occasion, c\u2019est la courbe d\u2019un petit monde qui se dessine\u00a0: au fil des ans et des destins crois\u00e9s, des rencontres inattendues se sont nou\u00e9es, parfois cocasses ou \u00e9mouvantes, il fallait en raconter l\u2019histoire.<\/p>\n<p>Ce n\u2019est pas celle, rassurez-vous, de la pauvre soupe aux choux accommod\u00e9e en com\u00e9die dans une \u00e9cuelle \u00e0 trois sous\u2026 Mais celle plut\u00f4t du plus ancien plat de l\u2019humanit\u00e9 que l\u2019on pr\u00e9pare autour du feu dans le bouillonnement d\u2019une marmite. Celle d\u2019un repas qui alimente <strong>une longue cha\u00eene d\u2019amiti\u00e9<\/strong>, <strong>dont un livre qui para\u00eetra au mois de d\u00e9cembre retrace l\u2019aventure<\/strong>\u2026<\/p>\n","protected":false},"excerpt":{"rendered":"<p>\u00ab Visages des soupes \u00bb, soupe \u00e0 la grimace ? Non\u00a0! Divine potion magique, savoureuse comme un conte, une histoire qui s\u2019\u00e9crit chaque hiver depuis 10 ans. Cette ann\u00e9e le Festival de soupes f\u00eate son 10\u00e8me anniversaire. Dans l\u2019espace circulaire du kiosque \u00e0 musique, sp\u00e9cialement chauff\u00e9 et am\u00e9nag\u00e9 pour l\u2019occasion, c\u2019est la courbe d\u2019un petit [&#8230;]\n","protected":false},"author":1,"featured_media":914,"comment_status":"closed","ping_status":"closed","sticky":false,"template":"","format":"standard","meta":{"_uag_custom_page_level_css":"","footnotes":""},"categories":[159],"tags":[],"class_list":["post-1186","post","type-post","status-publish","format-standard","has-post-thumbnail","hentry","category-aktuel"],"uagb_featured_image_src":{"full":["https:\/\/la-tuile.ch\/wp-content\/uploads\/2021\/12\/VisagesSoupesLarge.jpg",798,396,false],"thumbnail":["https:\/\/la-tuile.ch\/wp-content\/uploads\/2021\/12\/VisagesSoupesLarge-150x150.jpg",150,150,true],"medium":["https:\/\/la-tuile.ch\/wp-content\/uploads\/2021\/12\/VisagesSoupesLarge-300x149.jpg",300,149,true],"medium_large":["https:\/\/la-tuile.ch\/wp-content\/uploads\/2021\/12\/VisagesSoupesLarge-768x381.jpg",768,381,true],"large":["https:\/\/la-tuile.ch\/wp-content\/uploads\/2021\/12\/VisagesSoupesLarge.jpg",798,396,false],"1536x1536":["https:\/\/la-tuile.ch\/wp-content\/uploads\/2021\/12\/VisagesSoupesLarge.jpg",798,396,false],"2048x2048":["https:\/\/la-tuile.ch\/wp-content\/uploads\/2021\/12\/VisagesSoupesLarge.jpg",798,396,false],"woocommerce_thumbnail":["https:\/\/la-tuile.ch\/wp-content\/uploads\/2021\/12\/VisagesSoupesLarge-300x300.jpg",300,300,true],"woocommerce_single":["https:\/\/la-tuile.ch\/wp-content\/uploads\/2021\/12\/VisagesSoupesLarge-600x298.jpg",600,298,true],"woocommerce_gallery_thumbnail":["https:\/\/la-tuile.ch\/wp-content\/uploads\/2021\/12\/VisagesSoupesLarge-100x100.jpg",100,100,true]},"uagb_author_info":{"display_name":"LA TUILE","author_link":"https:\/\/la-tuile.ch\/de\/author\/s62schuler\/"},"uagb_comment_info":0,"uagb_excerpt":"\u00ab Visages des soupes \u00bb, soupe \u00e0 la grimace ? Non\u00a0! Divine potion magique, savoureuse comme un conte, une histoire qui s\u2019\u00e9crit chaque hiver depuis 10 ans. Cette ann\u00e9e le Festival de soupes f\u00eate son 10\u00e8me anniversaire. Dans l\u2019espace circulaire du kiosque \u00e0 musique, sp\u00e9cialement chauff\u00e9 et am\u00e9nag\u00e9 pour l\u2019occasion, c\u2019est la courbe d\u2019un petit&hellip;","_links":{"self":[{"href":"https:\/\/la-tuile.ch\/de\/wp-json\/wp\/v2\/posts\/1186","targetHints":{"allow":["GET"]}}],"collection":[{"href":"https:\/\/la-tuile.ch\/de\/wp-json\/wp\/v2\/posts"}],"about":[{"href":"https:\/\/la-tuile.ch\/de\/wp-json\/wp\/v2\/types\/post"}],"author":[{"embeddable":true,"href":"https:\/\/la-tuile.ch\/de\/wp-json\/wp\/v2\/users\/1"}],"replies":[{"embeddable":true,"href":"https:\/\/la-tuile.ch\/de\/wp-json\/wp\/v2\/comments?post=1186"}],"version-history":[{"count":0,"href":"https:\/\/la-tuile.ch\/de\/wp-json\/wp\/v2\/posts\/1186\/revisions"}],"wp:featuredmedia":[{"embeddable":true,"href":"https:\/\/la-tuile.ch\/de\/wp-json\/wp\/v2\/media\/914"}],"wp:attachment":[{"href":"https:\/\/la-tuile.ch\/de\/wp-json\/wp\/v2\/media?parent=1186"}],"wp:term":[{"taxonomy":"category","embeddable":true,"href":"https:\/\/la-tuile.ch\/de\/wp-json\/wp\/v2\/categories?post=1186"},{"taxonomy":"post_tag","embeddable":true,"href":"https:\/\/la-tuile.ch\/de\/wp-json\/wp\/v2\/tags?post=1186"}],"curies":[{"name":"wp","href":"https:\/\/api.w.org\/{rel}","templated":true}]}}