{"id":1189,"date":"2015-11-23T20:24:32","date_gmt":"2015-11-23T19:24:32","guid":{"rendered":"https:\/\/la-tuile.ch\/der-adventskalender\/"},"modified":"2022-09-30T11:13:47","modified_gmt":"2022-09-30T09:13:47","slug":"der-adventskalender","status":"publish","type":"post","link":"https:\/\/la-tuile.ch\/de\/der-adventskalender\/","title":{"rendered":"Der Adventskalender"},"content":{"rendered":"<p>Ces derni\u00e8res ann\u00e9e, nous n&#8217;avons cess\u00e9 de renforcer notre principal axe de travail qui est d\u2019accompagner nos usagers dans la recherche de solutions durables leur permettant d\u2019atteindre la plus grande autonomie possible.<\/p>\n<p>Le calendrier de l&#8217;Avent de La Tuile s\u2019inscrit dans cette dynamique. Il s\u2019agit d\u2019un nouveau projet qui aura permis d\u2019impliquer directement les b\u00e9n\u00e9ficiaires de La Tuile.<\/p>\n<p>En effet ce calendrier, qui sera livr\u00e9 d\u00e9but novembre 2015 dans plus de 130&#8217;000 bo\u00eetes aux lettres du canton de Fribourg, a \u00e9t\u00e9 partiellement produit par des usagers de La Tuile. Ceux-ci sont intervenus dans la phase de montage de pliage et de collage.<\/p>\n<p>Ce projet a g\u00e9n\u00e9r\u00e9 plus de 1&#8217;000 heures de travail! Il a permis ainsi aux b\u00e9n\u00e9ficiaires de La Tuile d\u2019acqu\u00e9rir <strong>une base ou un compl\u00e9ment de revenu<\/strong> non n\u00e9gligeable.<\/p>\n<p>Un calendrier pour les 25 ans<br \/>\n[download id=&#8220;220&#8243; format=&#8220;1&#8243;]\n[av_masonry_gallery ids=&#8217;4994,4998,4990,4988,4992,4996&#8242; items=&#8217;6&#8242; columns=&#8217;flexible&#8216; paginate=&#8217;none&#8216; size=&#8217;flex&#8216; gap=&#8217;large&#8216; overlay_fx=&#8217;active&#8216; caption_elements=&#8217;none&#8216; caption_display=&#8217;always&#8216; container_links=&#8217;active&#8216; id=&#8220; custom_class=&#8220;]\n","protected":false},"excerpt":{"rendered":"<p>Ces derni\u00e8res ann\u00e9e, nous n&#8217;avons cess\u00e9 de renforcer notre principal axe de travail qui est d\u2019accompagner nos usagers dans la recherche de solutions durables leur permettant d\u2019atteindre la plus grande autonomie possible. Le calendrier de l&#8217;Avent de La Tuile s\u2019inscrit dans cette dynamique. Il s\u2019agit d\u2019un nouveau projet qui aura permis d\u2019impliquer directement les b\u00e9n\u00e9ficiaires [&#8230;]\n","protected":false},"author":1,"featured_media":918,"comment_status":"closed","ping_status":"closed","sticky":false,"template":"","format":"standard","meta":{"_uag_custom_page_level_css":"","footnotes":""},"categories":[159],"tags":[],"class_list":["post-1189","post","type-post","status-publish","format-standard","has-post-thumbnail","hentry","category-aktuel"],"uagb_featured_image_src":{"full":["https:\/\/la-tuile.ch\/wp-content\/uploads\/2021\/12\/Calendrier15-scaled.jpg",2560,1845,false],"thumbnail":["https:\/\/la-tuile.ch\/wp-content\/uploads\/2021\/12\/Calendrier15-150x150.jpg",150,150,true],"medium":["https:\/\/la-tuile.ch\/wp-content\/uploads\/2021\/12\/Calendrier15-300x216.jpg",300,216,true],"medium_large":["https:\/\/la-tuile.ch\/wp-content\/uploads\/2021\/12\/Calendrier15-768x554.jpg",768,554,true],"large":["https:\/\/la-tuile.ch\/wp-content\/uploads\/2021\/12\/Calendrier15-1024x738.jpg",1020,735,true],"1536x1536":["https:\/\/la-tuile.ch\/wp-content\/uploads\/2021\/12\/Calendrier15-1536x1107.jpg",1536,1107,true],"2048x2048":["https:\/\/la-tuile.ch\/wp-content\/uploads\/2021\/12\/Calendrier15-2048x1476.jpg",2048,1476,true],"woocommerce_thumbnail":["https:\/\/la-tuile.ch\/wp-content\/uploads\/2021\/12\/Calendrier15-300x300.jpg",300,300,true],"woocommerce_single":["https:\/\/la-tuile.ch\/wp-content\/uploads\/2021\/12\/Calendrier15-600x432.jpg",600,432,true],"woocommerce_gallery_thumbnail":["https:\/\/la-tuile.ch\/wp-content\/uploads\/2021\/12\/Calendrier15-100x100.jpg",100,100,true]},"uagb_author_info":{"display_name":"LA TUILE","author_link":"https:\/\/la-tuile.ch\/de\/author\/s62schuler\/"},"uagb_comment_info":0,"uagb_excerpt":"Ces derni\u00e8res ann\u00e9e, nous n&#8217;avons cess\u00e9 de renforcer notre principal axe de travail qui est d\u2019accompagner nos usagers dans la recherche de solutions durables leur permettant d\u2019atteindre la plus grande autonomie possible. Le calendrier de l&#8217;Avent de La Tuile s\u2019inscrit dans cette dynamique. Il s\u2019agit d\u2019un nouveau projet qui aura permis d\u2019impliquer directement les b\u00e9n\u00e9ficiaires&hellip;","_links":{"self":[{"href":"https:\/\/la-tuile.ch\/de\/wp-json\/wp\/v2\/posts\/1189","targetHints":{"allow":["GET"]}}],"collection":[{"href":"https:\/\/la-tuile.ch\/de\/wp-json\/wp\/v2\/posts"}],"about":[{"href":"https:\/\/la-tuile.ch\/de\/wp-json\/wp\/v2\/types\/post"}],"author":[{"embeddable":true,"href":"https:\/\/la-tuile.ch\/de\/wp-json\/wp\/v2\/users\/1"}],"replies":[{"embeddable":true,"href":"https:\/\/la-tuile.ch\/de\/wp-json\/wp\/v2\/comments?post=1189"}],"version-history":[{"count":0,"href":"https:\/\/la-tuile.ch\/de\/wp-json\/wp\/v2\/posts\/1189\/revisions"}],"wp:featuredmedia":[{"embeddable":true,"href":"https:\/\/la-tuile.ch\/de\/wp-json\/wp\/v2\/media\/918"}],"wp:attachment":[{"href":"https:\/\/la-tuile.ch\/de\/wp-json\/wp\/v2\/media?parent=1189"}],"wp:term":[{"taxonomy":"category","embeddable":true,"href":"https:\/\/la-tuile.ch\/de\/wp-json\/wp\/v2\/categories?post=1189"},{"taxonomy":"post_tag","embeddable":true,"href":"https:\/\/la-tuile.ch\/de\/wp-json\/wp\/v2\/tags?post=1189"}],"curies":[{"name":"wp","href":"https:\/\/api.w.org\/{rel}","templated":true}]}}