{"id":1190,"date":"2014-11-08T14:38:38","date_gmt":"2014-11-08T13:38:38","guid":{"rendered":"https:\/\/la-tuile.ch\/politiques-de-lutte-contre-la-pauvrete\/"},"modified":"2022-09-30T11:13:48","modified_gmt":"2022-09-30T09:13:48","slug":"politiques-de-lutte-contre-la-pauvrete","status":"publish","type":"post","link":"https:\/\/la-tuile.ch\/de\/politiques-de-lutte-contre-la-pauvrete\/","title":{"rendered":"Colloque 2014 : Politiques de lutte contre la pauvret\u00e9"},"content":{"rendered":"<p><strong>Deux nouvelles journ\u00e9es d\u2019\u00e9change entre milieux de la pratique et universitaire<\/strong><\/p>\n<p><strong>Jeudi 2 octobre et vendredi 3 octobre 2014<\/strong><\/p>\n<p>\u00e0 l\u2019Universit\u00e9 de Lausanne \u2013 IDHEAP, Aula<\/p>\n<p>La d\u00e9claration universelle des droits humains consid\u00e8re la lutte contre la pauvret\u00e9 comme une mission fondamentale de nos soci\u00e9t\u00e9s. En Europe, les politiques les plus connues sont celles qui visent \u00e0 garantir un revenu minimum et les politiques d\u2019insertion. Mais qu\u2019en est-il des politiques de formation, de logement, de sant\u00e9, de lutte contre l\u2019endettement, d\u2019aide en nature ou encore de l\u2019enfance et de la vieillesse\u00a0? Qui les organise et avec quels r\u00e9sultats\u00a0? Quelles sont les tendances actuelles en mati\u00e8re de politiques de lutte contre la pauvret\u00e9\u00a0? Ce colloque vise \u00e0 d\u00e9battre de ces questions d\u2019une br\u00fblante actualit\u00e9.<\/p>\n<p>La Tuile y participera en co-animant l&#8217;atelier 13 :<\/p>\n<p>&#8220; Politiques du logement : de l&#8217;accueil d&#8217;urgence \u00e0 la r\u00e9insertion par le logement &#8220;<\/p>\n<p><a title=\"Programme du colloque\" href=\"http:\/\/www.vd.ch\/uploads\/tx_vdfilesdbsecri\/Programme_Politiques_de_lutte_contre_la_pauvret%C3%A9_2_et_3_octobre_2014_format_web.pdf\" target=\"_blank\" rel=\"noopener\">Politiques de lutte contre la pauvret\u00e9 : Programme du colloque (fichier pdf)<\/a><\/p>\n","protected":false},"excerpt":{"rendered":"<p>Deux nouvelles journ\u00e9es d\u2019\u00e9change entre milieux de la pratique et universitaire Jeudi 2 octobre et vendredi 3 octobre 2014 \u00e0 l\u2019Universit\u00e9 de Lausanne \u2013 IDHEAP, Aula La d\u00e9claration universelle des droits humains consid\u00e8re la lutte contre la pauvret\u00e9 comme une mission fondamentale de nos soci\u00e9t\u00e9s. En Europe, les politiques les plus connues sont celles qui [&#8230;]\n","protected":false},"author":1,"featured_media":884,"comment_status":"closed","ping_status":"closed","sticky":false,"template":"","format":"standard","meta":{"_uag_custom_page_level_css":"","footnotes":""},"categories":[159],"tags":[],"class_list":["post-1190","post","type-post","status-publish","format-standard","has-post-thumbnail","hentry","category-aktuel"],"uagb_featured_image_src":{"full":["https:\/\/la-tuile.ch\/wp-content\/uploads\/2021\/12\/colloque.jpg",423,600,false],"thumbnail":["https:\/\/la-tuile.ch\/wp-content\/uploads\/2021\/12\/colloque-150x150.jpg",150,150,true],"medium":["https:\/\/la-tuile.ch\/wp-content\/uploads\/2021\/12\/colloque-212x300.jpg",212,300,true],"medium_large":["https:\/\/la-tuile.ch\/wp-content\/uploads\/2021\/12\/colloque.jpg",423,600,false],"large":["https:\/\/la-tuile.ch\/wp-content\/uploads\/2021\/12\/colloque.jpg",423,600,false],"1536x1536":["https:\/\/la-tuile.ch\/wp-content\/uploads\/2021\/12\/colloque.jpg",423,600,false],"2048x2048":["https:\/\/la-tuile.ch\/wp-content\/uploads\/2021\/12\/colloque.jpg",423,600,false],"woocommerce_thumbnail":["https:\/\/la-tuile.ch\/wp-content\/uploads\/2021\/12\/colloque-300x300.jpg",300,300,true],"woocommerce_single":["https:\/\/la-tuile.ch\/wp-content\/uploads\/2021\/12\/colloque.jpg",423,600,false],"woocommerce_gallery_thumbnail":["https:\/\/la-tuile.ch\/wp-content\/uploads\/2021\/12\/colloque-100x100.jpg",100,100,true]},"uagb_author_info":{"display_name":"LA TUILE","author_link":"https:\/\/la-tuile.ch\/de\/author\/s62schuler\/"},"uagb_comment_info":0,"uagb_excerpt":"Deux nouvelles journ\u00e9es d\u2019\u00e9change entre milieux de la pratique et universitaire Jeudi 2 octobre et vendredi 3 octobre 2014 \u00e0 l\u2019Universit\u00e9 de Lausanne \u2013 IDHEAP, Aula La d\u00e9claration universelle des droits humains consid\u00e8re la lutte contre la pauvret\u00e9 comme une mission fondamentale de nos soci\u00e9t\u00e9s. En Europe, les politiques les plus connues sont celles qui&hellip;","_links":{"self":[{"href":"https:\/\/la-tuile.ch\/de\/wp-json\/wp\/v2\/posts\/1190","targetHints":{"allow":["GET"]}}],"collection":[{"href":"https:\/\/la-tuile.ch\/de\/wp-json\/wp\/v2\/posts"}],"about":[{"href":"https:\/\/la-tuile.ch\/de\/wp-json\/wp\/v2\/types\/post"}],"author":[{"embeddable":true,"href":"https:\/\/la-tuile.ch\/de\/wp-json\/wp\/v2\/users\/1"}],"replies":[{"embeddable":true,"href":"https:\/\/la-tuile.ch\/de\/wp-json\/wp\/v2\/comments?post=1190"}],"version-history":[{"count":0,"href":"https:\/\/la-tuile.ch\/de\/wp-json\/wp\/v2\/posts\/1190\/revisions"}],"wp:featuredmedia":[{"embeddable":true,"href":"https:\/\/la-tuile.ch\/de\/wp-json\/wp\/v2\/media\/884"}],"wp:attachment":[{"href":"https:\/\/la-tuile.ch\/de\/wp-json\/wp\/v2\/media?parent=1190"}],"wp:term":[{"taxonomy":"category","embeddable":true,"href":"https:\/\/la-tuile.ch\/de\/wp-json\/wp\/v2\/categories?post=1190"},{"taxonomy":"post_tag","embeddable":true,"href":"https:\/\/la-tuile.ch\/de\/wp-json\/wp\/v2\/tags?post=1190"}],"curies":[{"name":"wp","href":"https:\/\/api.w.org\/{rel}","templated":true}]}}