{"id":1191,"date":"2014-11-04T16:45:24","date_gmt":"2014-11-04T15:45:24","guid":{"rendered":"https:\/\/la-tuile.ch\/la-tuile-cherche-des-locaux\/"},"modified":"2022-09-30T11:13:48","modified_gmt":"2022-09-30T09:13:48","slug":"la-tuile-cherche-des-locaux","status":"publish","type":"post","link":"https:\/\/la-tuile.ch\/de\/la-tuile-cherche-des-locaux\/","title":{"rendered":"La Tuile cherche des locaux !"},"content":{"rendered":"<p><strong>Recherche de locaux \u2013 ville de Fribourg<\/strong><\/p>\n<p style=\"text-align: justify; padding-left: 30px;\"><strong>Maison ou appartements \u2013 8 places<\/strong><br \/>\n<strong> A l\u2019horizon 2015<\/strong><\/p>\n<p style=\"text-align: justify; padding-left: 30px;\">L\u2019association La Tuile met \u00e0 disposition de personnes issues du canton des logements accompagn\u00e9s pour une p\u00e9riode transitoire. Il s\u2019agit de petites unit\u00e9s de vie, supervis\u00e9es par une \u00e9quipe \u00e9ducative. Cette offre est propos\u00e9e depuis 10ans \u00e0 la population fribourgeoise. L\u2019unit\u00e9 actuelle b\u00e9n\u00e9ficie d\u2019un contrat de bail qui arrivera \u00e0 \u00e9ch\u00e9ance en 2015. Pour p\u00e9renniser cette offre de \u00ab logements accompagn\u00e9s \u00bb en ville de Fribourg, nous sommes donc \u00e0 la recherche de locaux.<\/p>\n<p style=\"text-align: justify; padding-left: 30px;\"><strong>D\u00e9tails :<\/strong><br \/>\n8 chambres (id\u00e9alement , 2X3 et 1X2) \u2013 locaux communs \u2013 cuisines \u2013 sanitaires \u2013 intendance \u2013 bureau<br \/>\nSous la forme de : 1 maison ou plusieurs appartements<\/p>\n<p style=\"text-align: justify; padding-left: 30px;\">Commune de Fribourg &#8211; Acc\u00e8s en transports publics<br \/>\nAchat ou location avec bail de longue dur\u00e9e<\/p>\n<p style=\"text-align: justify; padding-left: 30px;\">Pour toute question, ou envoi de dossier :<\/p>\n<p style=\"padding-left: 60px;\"><strong>Association La Tuile<\/strong><br \/>\nEric Mullener, directeur<br \/>\nRte de Marly 25 \u2013 1705 Fribourg<br \/>\n<a href=\"mailto:direction@la-tuile.ch\">direction@la-tuile.ch<\/a><br \/>\n026 424 43 21<\/p>\n","protected":false},"excerpt":{"rendered":"<p>Recherche de locaux \u2013 ville de Fribourg Maison ou appartements \u2013 8 places A l\u2019horizon 2015 L\u2019association La Tuile met \u00e0 disposition de personnes issues du canton des logements accompagn\u00e9s pour une p\u00e9riode transitoire. Il s\u2019agit de petites unit\u00e9s de vie, supervis\u00e9es par une \u00e9quipe \u00e9ducative. Cette offre est propos\u00e9e depuis 10ans \u00e0 la population [&#8230;]\n","protected":false},"author":1,"featured_media":913,"comment_status":"closed","ping_status":"closed","sticky":false,"template":"","format":"standard","meta":{"_uag_custom_page_level_css":"","footnotes":""},"categories":[159],"tags":[],"class_list":["post-1191","post","type-post","status-publish","format-standard","has-post-thumbnail","hentry","category-aktuel"],"uagb_featured_image_src":{"full":["https:\/\/la-tuile.ch\/wp-content\/uploads\/2021\/12\/recherche-appart.jpg",792,350,false],"thumbnail":["https:\/\/la-tuile.ch\/wp-content\/uploads\/2021\/12\/recherche-appart-150x150.jpg",150,150,true],"medium":["https:\/\/la-tuile.ch\/wp-content\/uploads\/2021\/12\/recherche-appart-300x133.jpg",300,133,true],"medium_large":["https:\/\/la-tuile.ch\/wp-content\/uploads\/2021\/12\/recherche-appart-768x339.jpg",768,339,true],"large":["https:\/\/la-tuile.ch\/wp-content\/uploads\/2021\/12\/recherche-appart.jpg",792,350,false],"1536x1536":["https:\/\/la-tuile.ch\/wp-content\/uploads\/2021\/12\/recherche-appart.jpg",792,350,false],"2048x2048":["https:\/\/la-tuile.ch\/wp-content\/uploads\/2021\/12\/recherche-appart.jpg",792,350,false],"woocommerce_thumbnail":["https:\/\/la-tuile.ch\/wp-content\/uploads\/2021\/12\/recherche-appart-300x300.jpg",300,300,true],"woocommerce_single":["https:\/\/la-tuile.ch\/wp-content\/uploads\/2021\/12\/recherche-appart-600x265.jpg",600,265,true],"woocommerce_gallery_thumbnail":["https:\/\/la-tuile.ch\/wp-content\/uploads\/2021\/12\/recherche-appart-100x100.jpg",100,100,true]},"uagb_author_info":{"display_name":"LA TUILE","author_link":"https:\/\/la-tuile.ch\/de\/author\/s62schuler\/"},"uagb_comment_info":0,"uagb_excerpt":"Recherche de locaux \u2013 ville de Fribourg Maison ou appartements \u2013 8 places A l\u2019horizon 2015 L\u2019association La Tuile met \u00e0 disposition de personnes issues du canton des logements accompagn\u00e9s pour une p\u00e9riode transitoire. Il s\u2019agit de petites unit\u00e9s de vie, supervis\u00e9es par une \u00e9quipe \u00e9ducative. Cette offre est propos\u00e9e depuis 10ans \u00e0 la population&hellip;","_links":{"self":[{"href":"https:\/\/la-tuile.ch\/de\/wp-json\/wp\/v2\/posts\/1191","targetHints":{"allow":["GET"]}}],"collection":[{"href":"https:\/\/la-tuile.ch\/de\/wp-json\/wp\/v2\/posts"}],"about":[{"href":"https:\/\/la-tuile.ch\/de\/wp-json\/wp\/v2\/types\/post"}],"author":[{"embeddable":true,"href":"https:\/\/la-tuile.ch\/de\/wp-json\/wp\/v2\/users\/1"}],"replies":[{"embeddable":true,"href":"https:\/\/la-tuile.ch\/de\/wp-json\/wp\/v2\/comments?post=1191"}],"version-history":[{"count":0,"href":"https:\/\/la-tuile.ch\/de\/wp-json\/wp\/v2\/posts\/1191\/revisions"}],"wp:featuredmedia":[{"embeddable":true,"href":"https:\/\/la-tuile.ch\/de\/wp-json\/wp\/v2\/media\/913"}],"wp:attachment":[{"href":"https:\/\/la-tuile.ch\/de\/wp-json\/wp\/v2\/media?parent=1191"}],"wp:term":[{"taxonomy":"category","embeddable":true,"href":"https:\/\/la-tuile.ch\/de\/wp-json\/wp\/v2\/categories?post=1191"},{"taxonomy":"post_tag","embeddable":true,"href":"https:\/\/la-tuile.ch\/de\/wp-json\/wp\/v2\/tags?post=1191"}],"curies":[{"name":"wp","href":"https:\/\/api.w.org\/{rel}","templated":true}]}}