{"id":1192,"date":"2014-11-19T19:17:24","date_gmt":"2014-11-19T18:17:24","guid":{"rendered":"https:\/\/la-tuile.ch\/begleitetes-wohnen-themenabend\/"},"modified":"2022-09-30T11:13:47","modified_gmt":"2022-09-30T09:13:47","slug":"begleitetes-wohnen-themenabend","status":"publish","type":"post","link":"https:\/\/la-tuile.ch\/de\/begleitetes-wohnen-themenabend\/","title":{"rendered":"&#8222;Begleitetes Wohnen&#8220; &#8211; Themenabend"},"content":{"rendered":"<p>L\u2019offre d&#8217;accueil d&#8217;urgence que La Tuile propose depuis 22ans aux personnes \u00e9tablies, ou de passage dans le canton de Fribourg n\u2019est plus \u00e0 pr\u00e9senter. En revanche ses prestations en mati\u00e8re de logement transitoire, les Logements Accompagn\u00e9s, sont moins connues mais n\u00e9anmoins pleinement efficientes. 16 places sont \u00e0 disposition dans le canton de Fribourg et l\u2019offre de logements accompagn\u00e9s est actuellement en phase de d\u00e9veloppement. Nos premiers clients entraient \u00e0 &#8222;l&#8217;Appart&#8216; &#8220; en janvier 2004, modifiant leur statut d&#8217;usager d&#8217;accueil de nuit pour celui de locataire et citoyen.<\/p>\n<p>Ce secteur f\u00eate ses 10ans d&#8217;existence en 2014 !<\/p>\n<p>Pour marquer ce passage, La Tuile organise une soir\u00e9e th\u00e9matique sur la question du logement, qui devrait r\u00e9unir autant les professionnels que le public.<\/p>\n<p>Nous vous donnons rendez-vous le :<\/p>\n[download id=&#8220;198&#8243; format=&#8220;1&#8243;]\n<p>Des expos\u00e9s toucheront les aspects sociaux, pratiques et politiques de la question de l&#8217;habitat, une table ronde cl\u00f4turera l&#8217;\u00e9v\u00e9nement.<\/p>\n<p>Nous esp\u00e9rons vous revoir \u00e0 cette occasion.<\/p>\n<p>Cordiales salutations,<br \/>\nEric Mullener | Directeur<\/p>\n","protected":false},"excerpt":{"rendered":"<p>L\u2019offre d&#8217;accueil d&#8217;urgence que La Tuile propose depuis 22ans aux personnes \u00e9tablies, ou de passage dans le canton de Fribourg n\u2019est plus \u00e0 pr\u00e9senter. En revanche ses prestations en mati\u00e8re de logement transitoire, les Logements Accompagn\u00e9s, sont moins connues mais n\u00e9anmoins pleinement efficientes. 16 places sont \u00e0 disposition dans le canton de Fribourg et l\u2019offre [&#8230;]\n","protected":false},"author":1,"featured_media":912,"comment_status":"closed","ping_status":"closed","sticky":false,"template":"","format":"standard","meta":{"_uag_custom_page_level_css":"","footnotes":""},"categories":[159],"tags":[],"class_list":["post-1192","post","type-post","status-publish","format-standard","has-post-thumbnail","hentry","category-aktuel"],"uagb_featured_image_src":{"full":["https:\/\/la-tuile.ch\/wp-content\/uploads\/2021\/12\/soiree-thematique.jpg",1300,632,false],"thumbnail":["https:\/\/la-tuile.ch\/wp-content\/uploads\/2021\/12\/soiree-thematique-150x150.jpg",150,150,true],"medium":["https:\/\/la-tuile.ch\/wp-content\/uploads\/2021\/12\/soiree-thematique-300x146.jpg",300,146,true],"medium_large":["https:\/\/la-tuile.ch\/wp-content\/uploads\/2021\/12\/soiree-thematique-768x373.jpg",768,373,true],"large":["https:\/\/la-tuile.ch\/wp-content\/uploads\/2021\/12\/soiree-thematique-1024x498.jpg",1020,496,true],"1536x1536":["https:\/\/la-tuile.ch\/wp-content\/uploads\/2021\/12\/soiree-thematique.jpg",1300,632,false],"2048x2048":["https:\/\/la-tuile.ch\/wp-content\/uploads\/2021\/12\/soiree-thematique.jpg",1300,632,false],"woocommerce_thumbnail":["https:\/\/la-tuile.ch\/wp-content\/uploads\/2021\/12\/soiree-thematique-300x300.jpg",300,300,true],"woocommerce_single":["https:\/\/la-tuile.ch\/wp-content\/uploads\/2021\/12\/soiree-thematique-600x292.jpg",600,292,true],"woocommerce_gallery_thumbnail":["https:\/\/la-tuile.ch\/wp-content\/uploads\/2021\/12\/soiree-thematique-100x100.jpg",100,100,true]},"uagb_author_info":{"display_name":"LA TUILE","author_link":"https:\/\/la-tuile.ch\/de\/author\/s62schuler\/"},"uagb_comment_info":0,"uagb_excerpt":"L\u2019offre d&#8217;accueil d&#8217;urgence que La Tuile propose depuis 22ans aux personnes \u00e9tablies, ou de passage dans le canton de Fribourg n\u2019est plus \u00e0 pr\u00e9senter. En revanche ses prestations en mati\u00e8re de logement transitoire, les Logements Accompagn\u00e9s, sont moins connues mais n\u00e9anmoins pleinement efficientes. 16 places sont \u00e0 disposition dans le canton de Fribourg et l\u2019offre&hellip;","_links":{"self":[{"href":"https:\/\/la-tuile.ch\/de\/wp-json\/wp\/v2\/posts\/1192","targetHints":{"allow":["GET"]}}],"collection":[{"href":"https:\/\/la-tuile.ch\/de\/wp-json\/wp\/v2\/posts"}],"about":[{"href":"https:\/\/la-tuile.ch\/de\/wp-json\/wp\/v2\/types\/post"}],"author":[{"embeddable":true,"href":"https:\/\/la-tuile.ch\/de\/wp-json\/wp\/v2\/users\/1"}],"replies":[{"embeddable":true,"href":"https:\/\/la-tuile.ch\/de\/wp-json\/wp\/v2\/comments?post=1192"}],"version-history":[{"count":0,"href":"https:\/\/la-tuile.ch\/de\/wp-json\/wp\/v2\/posts\/1192\/revisions"}],"wp:featuredmedia":[{"embeddable":true,"href":"https:\/\/la-tuile.ch\/de\/wp-json\/wp\/v2\/media\/912"}],"wp:attachment":[{"href":"https:\/\/la-tuile.ch\/de\/wp-json\/wp\/v2\/media?parent=1192"}],"wp:term":[{"taxonomy":"category","embeddable":true,"href":"https:\/\/la-tuile.ch\/de\/wp-json\/wp\/v2\/categories?post=1192"},{"taxonomy":"post_tag","embeddable":true,"href":"https:\/\/la-tuile.ch\/de\/wp-json\/wp\/v2\/tags?post=1192"}],"curies":[{"name":"wp","href":"https:\/\/api.w.org\/{rel}","templated":true}]}}