{"id":1193,"date":"2013-11-28T15:40:05","date_gmt":"2013-11-28T14:40:05","guid":{"rendered":"https:\/\/la-tuile.ch\/neuheiten-2014\/"},"modified":"2022-09-30T11:13:48","modified_gmt":"2022-09-30T09:13:48","slug":"neuheiten-2014","status":"publish","type":"post","link":"https:\/\/la-tuile.ch\/de\/neuheiten-2014\/","title":{"rendered":"Neuheiten 2014"},"content":{"rendered":"<p><strong>Adaptation de l&#8217;offre<\/strong><\/p>\n<p>Face \u00e0 une augmentation chronique des demandes d&#8217;h\u00e9bergement, et constatant un accroissement lin\u00e9aire des statistiques d&#8217;occupation (+74% en 5ans), la direction de l&#8217;association a pris des mesures qui devraient contenir l&#8217;afflux, et am\u00e9liorer l&#8217;offre p\u00e9riph\u00e9rique \u00e0 l&#8217;urgence.<\/p>\n<p>L&#8217;assembl\u00e9e g\u00e9n\u00e9rale de l&#8217;association, a pris connaissance le 27 ao\u00fbt 2013, de ces principales modifications.<\/p>\n<p><strong>&#8222;Accueil 24h&#8220; <\/strong>: La Tuile a d\u00e9velopp\u00e9, durant l&#8217;hiver 2012-13, un service destin\u00e9 aux personnes vuln\u00e9rables, qui n\u00e9cessitent un h\u00e9bergement d&#8217;urgence pour la journ\u00e9e \u00e9galement.<\/p>\n<p>Une premi\u00e8re phase-test de 6 mois s&#8217;est r\u00e9v\u00e9l\u00e9e positive. Une 2\u00e8me phase s&#8217;ouvre maintenant, pour une p\u00e9riode de 2 ans. 2 places, dans des studios ind\u00e9pendants.<\/p>\n<p><strong>P\u00e9rennisation de l&#8217;offre gru\u00e9rienne <\/strong>: achat d&#8217;une maison \u00e0 Bulle, ce printemps 2013.<\/p>\n<p>L&#8217;offre dans la r\u00e9gion, passe de 4 \u00e0 10 places. En logements accompagn\u00e9s uniquement, et \u00e0 destination des personnes de cette r\u00e9gion. Cet achat permet \u00e9galement de p\u00e9renniser l&#8217;offre en Gruy\u00e8re.<\/p>\n<p><strong>Limitation des dur\u00e9es de s\u00e9jours<\/strong> : le probl\u00e8me cibl\u00e9 est le ph\u00e9nom\u00e8ne de l&#8217;installation dans l&#8217;urgence. 5% des usagers du centre d&#8217;accueil totalisent le 50% des nuit\u00e9es. L&#8217;association veut r\u00e9pondre \u00e0 cette \u00e9volution de l&#8217;utilisation de ses services, due principalement \u00e0 l&#8217;absence d&#8217;alternative institutionnelle ou r\u00e9sidentielle.<\/p>\n<p>D\u00e8s cet automne (date de d\u00e9but des mesures suivra), la dur\u00e9e des s\u00e9jours sera limit\u00e9e \u00e0 270 nuit\u00e9es sur une p\u00e9riode de 2 ans (voir sch\u00e9ma ci-dessous)<\/p>\n<p style=\"text-align: center;\"><img loading=\"lazy\" decoding=\"async\" class=\"aligncenter wp-image-3347 size-full\" src=\"http:\/\/www.la-tuile.ch\/dev\/wp-content\/uploads\/2013\/08\/Sch\u00e9ma_Limitation_s\u00e9jour1.jpg\" alt=\"Sch\u00e9ma_Limitation_s\u00e9jour\" width=\"702\" height=\"246\" \/><\/p>\n<p>La mesure est conforme \u00e0 la mission sociale, ainsi qu&#8217;aux valeurs de l&#8217;association. La Tuile souhaite qu&#8217;elle permette de dynamiser certaines situations anciennes et bloqu\u00e9es.<\/p>\n<p>Cette nouvelle disposition b\u00e9n\u00e9ficie de l&#8217;accord de la DSAS. (Direction de la Sant\u00e9 et Affaires Sociales).<\/p>\n<p>Fribourg, le 28 ao\u00fbt 2013\/Eric Mullener, dir.<\/p>\n","protected":false},"excerpt":{"rendered":"<p>Adaptation de l&#8217;offre Face \u00e0 une augmentation chronique des demandes d&#8217;h\u00e9bergement, et constatant un accroissement lin\u00e9aire des statistiques d&#8217;occupation (+74% en 5ans), la direction de l&#8217;association a pris des mesures qui devraient contenir l&#8217;afflux, et am\u00e9liorer l&#8217;offre p\u00e9riph\u00e9rique \u00e0 l&#8217;urgence. L&#8217;assembl\u00e9e g\u00e9n\u00e9rale de l&#8217;association, a pris connaissance le 27 ao\u00fbt 2013, de ces principales modifications. [&#8230;]\n","protected":false},"author":1,"featured_media":911,"comment_status":"closed","ping_status":"closed","sticky":false,"template":"","format":"standard","meta":{"_uag_custom_page_level_css":"","footnotes":""},"categories":[159],"tags":[],"class_list":["post-1193","post","type-post","status-publish","format-standard","has-post-thumbnail","hentry","category-aktuel"],"uagb_featured_image_src":{"full":["https:\/\/la-tuile.ch\/wp-content\/uploads\/2021\/12\/Sortie_urgence1.jpg",1348,940,false],"thumbnail":["https:\/\/la-tuile.ch\/wp-content\/uploads\/2021\/12\/Sortie_urgence1-150x150.jpg",150,150,true],"medium":["https:\/\/la-tuile.ch\/wp-content\/uploads\/2021\/12\/Sortie_urgence1-300x209.jpg",300,209,true],"medium_large":["https:\/\/la-tuile.ch\/wp-content\/uploads\/2021\/12\/Sortie_urgence1-768x536.jpg",768,536,true],"large":["https:\/\/la-tuile.ch\/wp-content\/uploads\/2021\/12\/Sortie_urgence1-1024x714.jpg",1020,711,true],"1536x1536":["https:\/\/la-tuile.ch\/wp-content\/uploads\/2021\/12\/Sortie_urgence1.jpg",1348,940,false],"2048x2048":["https:\/\/la-tuile.ch\/wp-content\/uploads\/2021\/12\/Sortie_urgence1.jpg",1348,940,false],"woocommerce_thumbnail":["https:\/\/la-tuile.ch\/wp-content\/uploads\/2021\/12\/Sortie_urgence1-300x300.jpg",300,300,true],"woocommerce_single":["https:\/\/la-tuile.ch\/wp-content\/uploads\/2021\/12\/Sortie_urgence1-600x418.jpg",600,418,true],"woocommerce_gallery_thumbnail":["https:\/\/la-tuile.ch\/wp-content\/uploads\/2021\/12\/Sortie_urgence1-100x100.jpg",100,100,true]},"uagb_author_info":{"display_name":"LA TUILE","author_link":"https:\/\/la-tuile.ch\/de\/author\/s62schuler\/"},"uagb_comment_info":0,"uagb_excerpt":"Adaptation de l&#8217;offre Face \u00e0 une augmentation chronique des demandes d&#8217;h\u00e9bergement, et constatant un accroissement lin\u00e9aire des statistiques d&#8217;occupation (+74% en 5ans), la direction de l&#8217;association a pris des mesures qui devraient contenir l&#8217;afflux, et am\u00e9liorer l&#8217;offre p\u00e9riph\u00e9rique \u00e0 l&#8217;urgence. L&#8217;assembl\u00e9e g\u00e9n\u00e9rale de l&#8217;association, a pris connaissance le 27 ao\u00fbt 2013, de ces principales modifications.&hellip;","_links":{"self":[{"href":"https:\/\/la-tuile.ch\/de\/wp-json\/wp\/v2\/posts\/1193","targetHints":{"allow":["GET"]}}],"collection":[{"href":"https:\/\/la-tuile.ch\/de\/wp-json\/wp\/v2\/posts"}],"about":[{"href":"https:\/\/la-tuile.ch\/de\/wp-json\/wp\/v2\/types\/post"}],"author":[{"embeddable":true,"href":"https:\/\/la-tuile.ch\/de\/wp-json\/wp\/v2\/users\/1"}],"replies":[{"embeddable":true,"href":"https:\/\/la-tuile.ch\/de\/wp-json\/wp\/v2\/comments?post=1193"}],"version-history":[{"count":0,"href":"https:\/\/la-tuile.ch\/de\/wp-json\/wp\/v2\/posts\/1193\/revisions"}],"wp:featuredmedia":[{"embeddable":true,"href":"https:\/\/la-tuile.ch\/de\/wp-json\/wp\/v2\/media\/911"}],"wp:attachment":[{"href":"https:\/\/la-tuile.ch\/de\/wp-json\/wp\/v2\/media?parent=1193"}],"wp:term":[{"taxonomy":"category","embeddable":true,"href":"https:\/\/la-tuile.ch\/de\/wp-json\/wp\/v2\/categories?post=1193"},{"taxonomy":"post_tag","embeddable":true,"href":"https:\/\/la-tuile.ch\/de\/wp-json\/wp\/v2\/tags?post=1193"}],"curies":[{"name":"wp","href":"https:\/\/api.w.org\/{rel}","templated":true}]}}